{"id":2487,"date":"2015-06-28T12:01:14","date_gmt":"2015-06-28T09:01:14","guid":{"rendered":"http:\/\/circassianrepatriation.com\/?p=2487"},"modified":"2015-06-28T12:07:23","modified_gmt":"2015-06-28T09:07:23","slug":"abramyan-cerkesler-istiyorsa-vatanlarina-donmekte-yardimci-olmak-gerekiyor","status":"publish","type":"post","link":"https:\/\/www.croworld.org\/ar\/abramyan-cerkesler-istiyorsa-vatanlarina-donmekte-yardimci-olmak-gerekiyor\/","title":{"rendered":"ABRAMYAN :\u00c7ERKESLER \u0130ST\u0130YORSA VATANLARINA D\u00d6NMEKTE YARDIMCI OLMAK GEREK\u0130YOR!"},"content":{"rendered":"<p>Uluslararas\u0131 bas\u0131n ajans\u0131 &#8216;Rusya Bug\u00fcn&#8217;\u00fcn (Russia Today\/Rossiya Segodnya) Cuma g\u00fcn\u00fc Moskova\u2019da yap\u0131lan ilk geni\u015fletilmi\u015f bas\u0131n toplant\u0131s\u0131nda a\u00e7\u0131klama yapan Devlet Ulusal Politikas\u0131 Etnik \u0130li\u015fkiler Sorunlar\u0131 Konseyi Bilgi Deste\u011fi komisyon ba\u015fkan\u0131 Ara Abramyan yapt\u0131\u011f\u0131 a\u00e7\u0131klamada \u201cRusya \u00c7erkeslerin tarihsel anavatanlar\u0131na d\u00f6n\u00fc\u015fleri i\u00e7in t\u00fcm ko\u015fullar\u0131 olu\u015fturmas\u0131 gerekiyor \u00e7\u00fcnk\u00fc sonu\u00e7 olarak onlar bizim vatanda\u015flar\u0131m\u0131z\u201d dedi.<\/p>\n<p>S\u00f6zc\u00fc \u00c7erkes diasporas\u0131n\u0131n, di\u011fer halklar\u0131nda oldu\u011fu gibi, d\u00fcnyan\u0131n farkl\u0131 yerlerinde ya\u015fad\u0131\u011f\u0131n\u0131 ve bu halk\u0131n fertlerinin anavatanlar\u0131na d\u00f6nme hakk\u0131na sahip olmalar\u0131 gerekti\u011fini vurgulad\u0131.<\/p>\n<p>\u201cNeden olmas\u0131n? E\u011fer Rusya d\u0131\u015f\u0131nda mesela T\u00fcrkiye, Suriye ve di\u011fer \u00fclkelerde ya\u015fayan \u00c7erkeslerin anavatanlar\u0131na d\u00f6nme istekleri ve de imk\u00e2nlar\u0131 varsa, o zaman biz onlara yard\u0131m etmek ve her t\u00fcrl\u00fc deste\u011fi vermek zorunday\u0131z. Bir\u00e7ok ulusun tarihinde zorlu d\u00f6nemler (sayfalar) olmu\u015ftur. Baz\u0131 tarihsel geli\u015fmelere ve bir tak\u0131m zorluklara g\u00f6z yumamay\u0131z fakat ileriye do\u011fru gitmek zorunday\u0131z ve sorunlar\u0131 \u00e7\u00f6zmek gerekiyor. Halk\u0131n anavatan\u0131na d\u00f6nme arzusunu kimse iptal edemez. Evet, \u00c7erkesler bizim vatanda\u015flar\u0131m\u0131z.\u201d dedi Abramyan.<\/p>\n<p>Abramyan gazetecilerle yapt\u0131\u011f\u0131 g\u00f6r\u00fc\u015fme s\u0131ras\u0131nda, medyan\u0131n s\u0131k s\u0131k Ulusal sorunlar\u0131 do\u011fru geli\u015fme vekt\u00f6r\u00fcyle ele almad\u0131klar\u0131na \u00f6zellikle dikkat \u00e7ekti.<\/p>\n<p>\u201cBundan dolay\u0131 ba\u015fkanl\u0131\u011f\u0131n\u0131 benim yapt\u0131\u011f\u0131m \u201cEtnik \u0130li\u015fkiler Konseyi\u201d \u00e7at\u0131s\u0131 alt\u0131nda, bir komisyon olu\u015fturduk ve g\u00f6revleri aras\u0131nda gazetecilerle maksimum ili\u015fki, kurulu\u015flarla yuvarlak masa toplant\u0131lar\u0131 ve \u00fcnl\u00fc gazetecilere seminerler ve master-classlar vard\u0131r. Ayn\u0131 zamanda \u00e7al\u0131\u015fmalar\u0131m\u0131z Rusya\u2019daki b\u00f6lgelerle \u00e7al\u0131\u015fmalar\u0131m\u0131z\u0131n canland\u0131r\u0131lmas\u0131 ve ulusal dillerde yay\u0131n yapan gazetelerle i\u015fbirli\u011fini kapsamaktad\u0131r.\u201d diyerek bitirdi<\/p>\n<p>kaynak:<\/p>\n<p>http:\/\/www.cerkesyayurtseverleri.com\/single.php?url=abramyan-cerkesler-istiyorsa-vatanlarina-donmekte-yardimci-olmak-gerekiyor<\/p>\n","protected":false},"excerpt":{"rendered":"<p>Uluslararas\u0131 bas\u0131n ajans\u0131 &#8216;Rusya Bug\u00fcn&#8217;\u00fcn (Russia Today\/Rossiya Segodnya) Cuma g\u00fcn\u00fc Moskova\u2019da yap\u0131lan ilk geni\u015fletilmi\u015f bas\u0131n toplant\u0131s\u0131nda a\u00e7\u0131klama yapan Devlet Ulusal Politikas\u0131 Etnik \u0130li\u015fkiler Sorunlar\u0131 Konseyi Bilgi Deste\u011fi komisyon ba\u015fkan\u0131 Ara Abramyan yapt\u0131\u011f\u0131 a\u00e7\u0131klamada \u201cRusya \u00c7erkeslerin tarihsel anavatanlar\u0131na d\u00f6n\u00fc\u015fleri i\u00e7in t\u00fcm ko\u015fullar\u0131 olu\u015fturmas\u0131 gerekiyor \u00e7\u00fcnk\u00fc sonu\u00e7 olarak onlar bizim vatanda\u015flar\u0131m\u0131z\u201d dedi. S\u00f6zc\u00fc \u00c7erkes diasporas\u0131n\u0131n, di\u011fer halklar\u0131nda [&hellip;]<\/p>\n","protected":false},"author":3,"featured_media":0,"comment_status":"closed","ping_status":"open","sticky":false,"template":"","format":"standard","meta":{"pmpro_default_level":"","footnotes":""},"categories":[5],"tags":[],"class_list":["post-2487","post","type-post","status-publish","format-standard","hentry","category-news","pmpro-has-access"],"rttpg_featured_image_url":null,"rttpg_author":{"display_name":"Admin-D","author_link":"https:\/\/www.croworld.org\/ar\/author\/admin-d\/"},"rttpg_comment":0,"rttpg_category":"<a href=\"https:\/\/www.croworld.org\/ar\/category\/news\/\" rel=\"category tag\">News<\/a>","rttpg_excerpt":"Uluslararas\u0131 bas\u0131n ajans\u0131 &#8216;Rusya Bug\u00fcn&#8217;\u00fcn (Russia Today\/Rossiya Segodnya) Cuma g\u00fcn\u00fc Moskova\u2019da yap\u0131lan ilk geni\u015fletilmi\u015f bas\u0131n toplant\u0131s\u0131nda a\u00e7\u0131klama yapan Devlet Ulusal Politikas\u0131 Etnik \u0130li\u015fkiler Sorunlar\u0131 Konseyi Bilgi Deste\u011fi komisyon ba\u015fkan\u0131 Ara Abramyan yapt\u0131\u011f\u0131 a\u00e7\u0131klamada \u201cRusya \u00c7erkeslerin tarihsel anavatanlar\u0131na d\u00f6n\u00fc\u015fleri i\u00e7in t\u00fcm ko\u015fullar\u0131 olu\u015fturmas\u0131 gerekiyor \u00e7\u00fcnk\u00fc sonu\u00e7 olarak onlar bizim vatanda\u015flar\u0131m\u0131z\u201d dedi. S\u00f6zc\u00fc \u00c7erkes diasporas\u0131n\u0131n, di\u011fer halklar\u0131nda&hellip;","_links":{"self":[{"href":"https:\/\/www.croworld.org\/ar\/wp-json\/wp\/v2\/posts\/2487","targetHints":{"allow":["GET"]}}],"collection":[{"href":"https:\/\/www.croworld.org\/ar\/wp-json\/wp\/v2\/posts"}],"about":[{"href":"https:\/\/www.croworld.org\/ar\/wp-json\/wp\/v2\/types\/post"}],"author":[{"embeddable":true,"href":"https:\/\/www.croworld.org\/ar\/wp-json\/wp\/v2\/users\/3"}],"replies":[{"embeddable":true,"href":"https:\/\/www.croworld.org\/ar\/wp-json\/wp\/v2\/comments?post=2487"}],"version-history":[{"count":3,"href":"https:\/\/www.croworld.org\/ar\/wp-json\/wp\/v2\/posts\/2487\/revisions"}],"predecessor-version":[{"id":2490,"href":"https:\/\/www.croworld.org\/ar\/wp-json\/wp\/v2\/posts\/2487\/revisions\/2490"}],"wp:attachment":[{"href":"https:\/\/www.croworld.org\/ar\/wp-json\/wp\/v2\/media?parent=2487"}],"wp:term":[{"taxonomy":"category","embeddable":true,"href":"https:\/\/www.croworld.org\/ar\/wp-json\/wp\/v2\/categories?post=2487"},{"taxonomy":"post_tag","embeddable":true,"href":"https:\/\/www.croworld.org\/ar\/wp-json\/wp\/v2\/tags?post=2487"}],"curies":[{"name":"wp","href":"https:\/\/api.w.org\/{rel}","templated":true}]}}