{"id":2065,"date":"2014-08-28T19:29:32","date_gmt":"2014-08-28T19:29:32","guid":{"rendered":"http:\/\/circassianrepatriation.com\/?p=2065"},"modified":"2014-08-28T20:22:07","modified_gmt":"2014-08-28T20:22:07","slug":"gencligin-umut-verici-aydinlik-yuzu","status":"publish","type":"post","link":"https:\/\/www.croworld.org\/ar\/gencligin-umut-verici-aydinlik-yuzu\/","title":{"rendered":"Gen\u00e7li\u011fin, umut verici ayd\u0131nl\u0131k y\u00fcz\u00fc"},"content":{"rendered":"<p>Gen\u00e7li\u011fin, umut verici ayd\u0131nl\u0131k y\u00fcz\u00fc<\/p>\n<p>&nbsp;<br \/>\nBu g\u00fcnlerde ilgin\u00e7 bir delikanl\u0131 ile tan\u0131\u015ft\u0131m. M\u0131yekuapeli, Krasnodarda okuyor. P\u015f\u0131ze (Kuban) Devlet \u00dcniversitesi \u0130dari Bilimler fak\u00fcltesi Politoloji b\u00f6l\u00fcm\u00fcnde okuyor. Acar bir delikanl\u0131, g\u00fclery\u00fczl\u00fc, ho\u015fsohbet, s\u00f6ylediklerinin \u00e7o\u011funu milletimizi g\u00f6z \u00f6n\u00fcne alarak, milletimizde g\u00f6rd\u00fcklerinden yola \u00e7\u0131karak dile getiriyor. &#8216;Akl\u0131na gelenleri okuyor&#8217; denilen insanlardan, sordu\u011fun \u015feyin neye dair oldu\u011funu hemen kavr\u0131yor, sayg\u0131da da kusursuz. Ayg\u0131nl\u0131ktan da beri, milleti i\u00e7in bir \u015feyler yapmaya ise haz\u0131r. Gen\u00e7lerde rastland\u0131\u011f\u0131 \u00fczere d\u00fcnyay\u0131 de\u011fi\u015ftirecek g\u00fcc\u00fc oldu\u011funa kani. Bu y\u0131l Ad\u0131ge Cumhuriyeti ulusal i\u015fler yurtd\u0131\u015f\u0131nda ya\u015fayan soyda\u015flarla ili\u015fkiler ve bas\u0131ndan sorumlu komitede staj\u0131n\u0131 yap\u0131yordu, baz\u0131 etkinliklere i\u015ftirak ederken g\u00f6rm\u00fc\u015ft\u00fcm. Ard\u0131ndan M\u0131yekuape kent park\u0131nda d\u00fczenlenmeye ba\u015flayan Ad\u0131ge Cegusuna bu delikanl\u0131n\u0131n \u00f6n ayak oldu\u011funu i\u015fittim.<br \/>\nMevzubahis etti\u011fim ki\u015fi Kump\u0131l Tahir. Delikanl\u0131 ile g\u00f6r\u00fc\u015ft\u00fc\u011f\u00fcmde, O Norve\u00e7&#8217;ten yeni geri d\u00f6nm\u00fc\u015ft\u00fc. Oslo&#8217;da yap\u0131lan bir toplant\u0131ya davet edilmi\u015f, i\u015ftirak etmi\u015fti. Sohbetimize bu konu ile ba\u015flad\u0131k.<br \/>\n&#8211; Tahir, bilimsel nitelikli bu toplant\u0131y\u0131 kimler organize etmi\u015fti, senin bu toplant\u0131ya kat\u0131lman nas\u0131l oldu?<br \/>\n&#8211; Organizasyonu Norve\u00e7 Uluslaras\u0131 \u0130li\u015fkiler Enstit\u00fcs\u00fc ger\u00e7ekle\u015ftirdi. Bu enstit\u00fcn\u00fcn Rusyay\u0131 ele alan bir b\u00f6l\u00fcm\u00fc var. Burada Rusya&#8217;dan gitmi\u015f olanlar da \u00e7al\u0131\u015f\u0131yorlar.<br \/>\nBen geri d\u00f6nm\u00fc\u015f soyda\u015flar\u0131m\u0131zla alakal\u0131 bilimsel \u00e7al\u0131\u015fma yap\u0131yorum. \u00dcniversite bitirme tezini bu konuda yazd\u0131m. Bu konferansa internet vas\u0131tas\u0131yla davet edildim. \u00c7al\u0131\u015fmanda recenzet olarak kim olsun istiyorsun dediklerinde &#8216;Ne\u015futla\u015fe Naime&#8217; olsun dedim. O Moskova&#8217;da ya\u015f\u0131yor. Rusya Bilimler Akademisi Medeniyetler Ara\u015ft\u0131rma Merkezinde \u00e7al\u0131\u015f\u0131yor. Enstit\u00fcn\u00fcn temsilcileri onunla g\u00f6r\u00fc\u015ft\u00fcler \u00e7al\u0131\u015fmam\u0131 okudu, eksik y\u00f6nelerini kavramama yard\u0131mc\u0131 oldu. O&#8217;nu da konferansa davet etmi\u015flerdi, o da kat\u0131ld\u0131.<br \/>\nEtkinli\u011fe Kafkasya&#8217;dan 20 gen\u00e7 i\u015ftirak etti. Moskovadan gelmi\u015f olan uzmanlarda vard\u0131. Toplamda 30&#8217;ar dakikal\u0131k s\u00fcre verdiler. Bunun 15 dakikas\u0131nda \u00e7al\u0131\u015fman\u0131 tan\u0131tmak ondan kesitler sunman gerekiyordu. Ard\u0131ndan ise sorular geliyordu. Bana sorulan sorular aras\u0131nda Ad\u0131gey&#8217;in geri d\u00f6nenlerin sorunlar\u0131n\u0131 nas\u0131l \u00e7\u00f6z\u00fcmledi\u011fi, Kebertaye-Balkar&#8217;da bu konuda y\u00fcr\u00fct\u00fclen politika ile Ad\u0131gey&#8217;inki aras\u0131nda farkl\u0131l\u0131klar olup olmad\u0131\u011f\u0131yd\u0131. Ben aralar\u0131nda farkl\u0131l\u0131k oldu\u011funu d\u00fc\u015f\u00fcn\u00fcyorum. \u00c7\u00fcnk\u00fc Ad\u0131gey&#8217;e geri d\u00f6nenlerle alakal\u0131 Ad\u0131gey devlet yap\u0131s\u0131nda bir devlet komitesi ve &#8216;Geri D\u00f6nenlerin Adaptasyonu Merkezi&#8217; isimli bir devlet kurulu\u015fu bunun yan\u0131s\u0131ra sivil toplum \u00f6rg\u00fctleri ve vak\u0131f var. Benim bildi\u011fim kadar\u0131 ile bu konuda devlet yap\u0131lanmas\u0131 olan tek yer bizim cumhuriyetimiz. Kaberteye-Balkar cumhuriyetinde bu yok, ayr\u0131ca var olan sivil toplum kurulu\u015fu da g\u00fcn\u00fcm\u00fczde faaliyet g\u00f6stermiyor.<br \/>\n&#8211; Sunumun hakk\u0131nda daha ayr\u0131nt\u0131l\u0131 bilgi verebilirmisin?<br \/>\n&#8211; Benim \u00e7al\u0131\u015fmam geriye d\u00f6nen \u00c7erkeslerin ya\u015fama adapteleri ile alakal\u0131 sorunlar ve bunun Kuzey Kafkasya ulusal-politik ya\u015fam\u0131 i\u00e7erisinde yerald\u0131\u011f\u0131 \u00fczerineydi. Geri d\u00f6n\u00fc\u015f sorununun ge\u00e7irdi\u011fi yolu ele al\u0131yorum. \u00c7al\u0131\u015fmam esnas\u0131nda geri d\u00f6nm\u00fc\u015f pek \u00e7ok ki\u015fi ile g\u00f6r\u00fc\u015ft\u00fcm. Onlar\u0131n dile getirdikleri \u015feyleri ele ald\u0131m. Benim fark\u0131na vard\u0131\u011f\u0131m \u015fey ise geri d\u00f6nenler &#8216;yak\u0131nm\u0131yorlar&#8217;. Bu bana \u00e7ok ilgin\u00e7 geldi,ve bu onlara sayg\u0131 duyulmas\u0131n\u0131 sa\u011flayan bir \u015fey. Onlar vatanlar\u0131nda ya\u015f\u0131yor olmaktan mutlular, kendi kendilerine \u00e7al\u0131\u015f\u0131yorlar, evlerinin masraf\u0131n\u0131 kar\u015f\u0131l\u0131yor ellerinden geldi\u011fi oranda ya\u015f\u0131yorlar.<br \/>\n&#8211; Kafkasyadan toplant\u0131ya kat\u0131lan di\u011fer gen\u00e7lerin \u00e7al\u0131\u015fmalar\u0131 hangi konulara y\u00f6nelikti?<br \/>\n&#8211; \u00d6rne\u011fin \u00c7e\u00e7enistan&#8217;dan gelmi\u015f olan gen\u00e7 \u00c7e\u00e7enistandaki gen\u00e7likle alakal\u0131 politikay\u0131 ele ald\u0131. Da\u011f\u0131standan gelen ise din adamlar\u0131 ile ilgili \u00e7al\u0131\u015fma sundu. \u00c7e\u00e7enistanda y\u00fcr\u00fct\u00fclen gen\u00e7lik politikalar\u0131 benim ho\u015fuma gidiyor, bu y\u00fczden ilgi duyarak \u00e7al\u0131\u015fmay\u0131 dinledim. Onlar gen\u00e7likle alakal\u0131 i\u015flerden sorumlu bir bakanl\u0131\u011fa sahipler. Oraya da gitmi\u015fli\u011fim var. &#8216;Ahmet&#8217; ve &#8216;Putin&#8217; ismindeki yurtsever hareketlerin \u00e7al\u0131\u015fmalar\u0131 var. Yetenekli gen\u00e7leri yurtd\u0131\u015f\u0131na g\u00f6nderiyor orada e\u011fitim almalar\u0131n\u0131 sa\u011fl\u0131yor, geri d\u00f6nd\u00fcklerinde i\u015f olana\u011f\u0131 temin ediyorlar. Gen\u00e7lerle \u00f6zel bir \u015fekilde ilgileniyorlar.<br \/>\n&#8211; Bulundu\u011fun bu \u00fclke ho\u015funa gitti mi?<br \/>\n&#8211; \u0130lk defa yurt d\u0131\u015f\u0131na \u00e7\u0131kt\u0131m. \u00c7ok ho\u015fuma gitti. Ya\u015famlar\u0131n\u0131 \u00e7ok iyi organize etmi\u015fler her \u015fey insana y\u00f6nelik \u00e7al\u0131\u015f\u0131yor, \u00fccretsiz e\u011fitim al\u0131yorlar. Evet, onlar ger\u00e7ekte \u00e7ok y\u00fcksek oranlarda, y\u00fczde 30 oran\u0131nda vergi veriyorlar ama ya\u015famlar\u0131 \u00f6zenilesi bir durumda.<br \/>\nBiz, bizi davet eden enstit\u00fcn\u00fcn yak\u0131nlar\u0131nda bulunan bir otelde kald\u0131k. Orada bulunaca\u011f\u0131m\u0131z hafta boyunca yetecek miktarda para verdiler. Kenti gezdirdiler, denize a\u00e7\u0131ld\u0131k, bizi iyi a\u011f\u0131rlad\u0131lar.<br \/>\n&#8211; Tahir, politolog olacaks\u0131n. Bu mesle\u011fi nas\u0131l se\u00e7tin?<br \/>\n&#8211; Ad\u0131ge Cumhuriyeti Gimnazyumunda okudum, 9. 10. s\u0131n\u0131flarda diplomat olmay\u0131 \u00e7ok istedim. Okulda okurken Petersburga gitti\u011fimde burada okuyaca\u011f\u0131m okulu da oraya gidip g\u00f6rd\u00fcm. Fakat okulu bitirirken e\u011fer diplomatl\u0131k \u00fczerine e\u011fitim al\u0131rsam bunun Ad\u0131gey&#8217;de i\u015fime yaramayaca\u011f\u0131n\u0131 d\u00fc\u015f\u00fcnd\u00fcm.<br \/>\n&#8211; &#8216;E\u011fer burada okusayd\u0131m&#8217; dedi\u011fin olmuyor mu?<br \/>\n&#8211; Bilmiyorum, ama ben faydal\u0131 olaca\u011f\u0131m bir i\u015fte \u00e7al\u0131\u015fmak istiyorum.<br \/>\n&#8211; E\u011fer ya\u015fam\u0131 de\u011fi\u015ftirebilecek olsayd\u0131n, hangi konudan i\u015fe ba\u015flard\u0131n.<br \/>\n&#8211; \u00d6ncelikli olarak milletimizi belirgin k\u0131lan \u015feylerden ba\u015flar kent ve k\u00f6y giri\u015flerine bunlar\u0131 asard\u0131m. Benim g\u00f6r\u00fc\u015f\u00fcme g\u00f6re bizim farkl\u0131 bir millet oldu\u011fumuzu g\u00f6steren belirte\u00e7ler cumhuriyetimizde az say\u0131dalar.<br \/>\n&#8211; Bu y\u0131l staj\u0131n\u0131 yukar\u0131da ad\u0131n\u0131 and\u0131\u011f\u0131m devlet komitesinde ger\u00e7ekle\u015ftirdin. Bundan ho\u015fland\u0131n m\u0131, orada yeni bir \u015feyler \u00f6\u011frendin mi?<br \/>\n&#8211; Birinci s\u0131n\u0131fta iken staj\u0131m\u0131 Ad\u0131ge Cumhuriyeti Merkez Se\u00e7im Komisyonunda yapt\u0131m, ard\u0131ndan Ad\u0131ge Cumhuriyeti Devlet Konseyi-Xase&#8217;de, bu y\u0131l ise s\u00f6z konusu komitede. Bu y\u0131lki staj\u0131m\u0131n en iyisi oldu\u011funu d\u00fc\u015f\u00fcn\u00fcyorum. Geri d\u00f6nenler temas\u0131n\u0131 i\u015fledi\u011fim i\u00e7in bir daha memnun oldum, komitede yap\u0131lan i\u015fleri iki g\u00f6z\u00fcmle g\u00f6rd\u00fcm, burada bu kadar \u00e7ok i\u015f yap\u0131ld\u0131\u011f\u0131ndan haberdar de\u011fildim. En \u00e7ok ilgimi \u00e7eken \u015fey ise staj\u0131mda y\u00f6neticim olan Peren\u0131ko Fatim&#8217;in \u00e7al\u0131\u015fmalar\u0131yd\u0131. O, geri d\u00f6nenlerle alakal\u0131 her \u015feyi biliyor, adeta onlarla birlikte ya\u015f\u0131yormu\u015f gibi. Ailelerin t\u00fcm fertleri hakk\u0131nda bilgisi var, her biri \u00fczerinde itina ile duruyor.<br \/>\nBir y\u0131l sonra Mast\u0131r \u00f6\u011frenimine ba\u015flayaca\u011f\u0131m. Bu konuyu orada daha ayr\u0131nt\u0131l\u0131 ele alma niyetim var. E\u011fer bu konuyu ele alamayacak olursam Cumhuriyetimiz ve milletimizle alakal\u0131 ba\u015fka bir tema ele almak istiyorum.<br \/>\n&#8211; M\u0131yekupe kent park\u0131nda her hafta gen\u00e7ler taraf\u0131ndan d\u00fczenlenen cegu&#8217;ya senin \u00f6nayak oldu\u011funu duydum.<br \/>\n&#8211; Evet, ama ben yaln\u0131z de\u011filim. Arkada\u015f\u0131mla birlikte kent park\u0131nda cegu yapmaya m\u00fcsait bir alan oldu\u011funu g\u00f6rd\u00fck. Ard\u0131ndan park m\u00fcd\u00fcr\u00fc ile g\u00f6r\u00fc\u015ft\u00fck rica ettik, o da izin verdi.<br \/>\n&#8211; Ama, ceguda \u00e7al\u0131\u015fanlara bir \u015feyler verdi\u011fini de s\u00f6ylediler&#8230; Belli bir ya\u015fta olan ailesine ekmek g\u00f6t\u00fcrmek \u00fczere \u00e7al\u0131\u015fanlara \u00fccret vermek gerekiyor, fakat siz \u00f6\u011frencisiniz paray\u0131 nereden buluyorsunuz?<br \/>\n&#8211; \u00dccretsiz bir \u015fekilde yapaca\u011f\u0131m\u0131z reklamlar i\u00e7in g\u00f6n\u00fcllerinden kopanlardan al\u0131nanlar Hatiyakoya veriliyor.<br \/>\n&#8211; Yoldan hen\u00fcz gelmi\u015f olmana ra\u011fmen gazetemize u\u011framandan dolay\u0131 te\u015fekk\u00fcr ediyor t\u00fcm iyi arzular\u0131n\u0131n ger\u00e7ekle\u015fmesi temennisinde bulunuyoruz.<br \/>\nS\u0130HU Go\u015fna\u011fu<br \/>\n\u00c7eviri; A\u00c7UMIJ Hilmi<\/p>\n<p>&nbsp;<\/p>\n<p><a href=\"http:\/\/www.adygvoice.ru\/newsview.php?uid=16023\">http:\/\/www.adygvoice.ru\/newsview.php?uid=16023<\/a><\/p>\n","protected":false},"excerpt":{"rendered":"<p>Gen\u00e7li\u011fin, umut verici ayd\u0131nl\u0131k y\u00fcz\u00fc &nbsp; Bu g\u00fcnlerde ilgin\u00e7 bir delikanl\u0131 ile tan\u0131\u015ft\u0131m. M\u0131yekuapeli, Krasnodarda okuyor. P\u015f\u0131ze (Kuban) Devlet \u00dcniversitesi \u0130dari Bilimler fak\u00fcltesi Politoloji b\u00f6l\u00fcm\u00fcnde okuyor. Acar bir delikanl\u0131, g\u00fclery\u00fczl\u00fc, ho\u015fsohbet, s\u00f6ylediklerinin \u00e7o\u011funu milletimizi g\u00f6z \u00f6n\u00fcne alarak, milletimizde g\u00f6rd\u00fcklerinden yola \u00e7\u0131karak dile getiriyor. &#8216;Akl\u0131na gelenleri okuyor&#8217; denilen insanlardan, sordu\u011fun \u015feyin neye dair oldu\u011funu hemen kavr\u0131yor, [&hellip;]<\/p>\n","protected":false},"author":3,"featured_media":0,"comment_status":"closed","ping_status":"open","sticky":false,"template":"","format":"standard","meta":{"pmpro_default_level":"","footnotes":""},"categories":[5],"tags":[],"class_list":["post-2065","post","type-post","status-publish","format-standard","hentry","category-news","pmpro-has-access"],"rttpg_featured_image_url":null,"rttpg_author":{"display_name":"Admin-D","author_link":"https:\/\/www.croworld.org\/ar\/author\/admin-d\/"},"rttpg_comment":0,"rttpg_category":"<a href=\"https:\/\/www.croworld.org\/ar\/category\/news\/\" rel=\"category tag\">News<\/a>","rttpg_excerpt":"Gen\u00e7li\u011fin, umut verici ayd\u0131nl\u0131k y\u00fcz\u00fc &nbsp; Bu g\u00fcnlerde ilgin\u00e7 bir delikanl\u0131 ile tan\u0131\u015ft\u0131m. M\u0131yekuapeli, Krasnodarda okuyor. P\u015f\u0131ze (Kuban) Devlet \u00dcniversitesi \u0130dari Bilimler fak\u00fcltesi Politoloji b\u00f6l\u00fcm\u00fcnde okuyor. Acar bir delikanl\u0131, g\u00fclery\u00fczl\u00fc, ho\u015fsohbet, s\u00f6ylediklerinin \u00e7o\u011funu milletimizi g\u00f6z \u00f6n\u00fcne alarak, milletimizde g\u00f6rd\u00fcklerinden yola \u00e7\u0131karak dile getiriyor. &#8216;Akl\u0131na gelenleri okuyor&#8217; denilen insanlardan, sordu\u011fun \u015feyin neye dair oldu\u011funu hemen kavr\u0131yor,&hellip;","_links":{"self":[{"href":"https:\/\/www.croworld.org\/ar\/wp-json\/wp\/v2\/posts\/2065","targetHints":{"allow":["GET"]}}],"collection":[{"href":"https:\/\/www.croworld.org\/ar\/wp-json\/wp\/v2\/posts"}],"about":[{"href":"https:\/\/www.croworld.org\/ar\/wp-json\/wp\/v2\/types\/post"}],"author":[{"embeddable":true,"href":"https:\/\/www.croworld.org\/ar\/wp-json\/wp\/v2\/users\/3"}],"replies":[{"embeddable":true,"href":"https:\/\/www.croworld.org\/ar\/wp-json\/wp\/v2\/comments?post=2065"}],"version-history":[{"count":4,"href":"https:\/\/www.croworld.org\/ar\/wp-json\/wp\/v2\/posts\/2065\/revisions"}],"predecessor-version":[{"id":2078,"href":"https:\/\/www.croworld.org\/ar\/wp-json\/wp\/v2\/posts\/2065\/revisions\/2078"}],"wp:attachment":[{"href":"https:\/\/www.croworld.org\/ar\/wp-json\/wp\/v2\/media?parent=2065"}],"wp:term":[{"taxonomy":"category","embeddable":true,"href":"https:\/\/www.croworld.org\/ar\/wp-json\/wp\/v2\/categories?post=2065"},{"taxonomy":"post_tag","embeddable":true,"href":"https:\/\/www.croworld.org\/ar\/wp-json\/wp\/v2\/tags?post=2065"}],"curies":[{"name":"wp","href":"https:\/\/api.w.org\/{rel}","templated":true}]}}