{"id":1970,"date":"2014-08-18T04:18:30","date_gmt":"2014-08-18T04:18:30","guid":{"rendered":"http:\/\/circassianrepatriation.com\/?p=1970"},"modified":"2014-08-18T06:52:13","modified_gmt":"2014-08-18T06:52:13","slug":"20-eylul-cerkes-gunu-ilan-edildi","status":"publish","type":"post","link":"https:\/\/www.croworld.org\/ar\/20-eylul-cerkes-gunu-ilan-edildi\/","title":{"rendered":"20 Eyl\u00fcl \u00c7erkes G\u00fcn\u00fc \u0130lan Edildi"},"content":{"rendered":"<div>Kabardey Balkar Cumhuriyeti Cumhurba\u015fkan\u0131 Yuri Kokov taraf\u0131ndan 12 A\u011fustos 2014 tarih ve 166 nolu kararname ile 20 Eyl\u00fcl g\u00fcn\u00fc, \u00c7erkes (Ad\u0131ge) G\u00fcn\u00fc olarak ilan edildi.<\/div>\n<div><\/div>\n<div>KBC Ge\u00e7ici Cumhurba\u015fkan\u0131 taraf\u0131ndan imzalanan kararname \u00f6zetle a\u015fa\u011f\u0131daki gibidir;<\/div>\n<div>\u201c\u2026Kabardey Balkar Cumhuriyetinde ya\u015fayan ki\u015fi ve \u00c7erkes \u00f6rg\u00fctlenmelerinin yo\u011fun istekleri \u00fczerine karar verilmi\u015ftir:<\/div>\n<div>1-20 Eyl\u00fcl g\u00fcn\u00fc, \u00c7erkes (Ad\u0131ge) g\u00fcn\u00fcd\u00fcr.<\/div>\n<div><\/div>\n<div>2-20 Eyl\u00fcl g\u00fcn\u00fc Kabardey Balkar Cumhuriyeti&#8217;nde ya\u015fayanlar i\u00e7in resmi tatil g\u00fcn\u00fcd\u00fcr.<\/div>\n<div>3-Bu yasa imzaland\u0131\u011f\u0131 g\u00fcnden itibaren y\u00fcr\u00fcrl\u00fc\u011fe girer\u2026\u201d<\/div>\n<div><\/div>\n<div>D\u00fcnya \u00c7erkes G\u00fcn\u00fc \u00f6nerisi daha \u00f6nce D\u00fcnya \u00c7erkes Birli\u011fi (D\u00c7B) toplant\u0131lar\u0131nda da g\u00fcndeme gelmi\u015f ve 29 Mart 2014 tarihinde yap\u0131lan toplant\u0131da, 20 Eyl\u00fcl tarihinin D\u00fcnya \u00c7erkes G\u00fcn\u00fc olarak kutlanmas\u0131na karar verilmi\u015fti.<\/div>\n<div><\/div>\n<div><\/div>\n<div><\/div>\n<div><\/div>\n<div><a href=\"http:\/\/www.kaffed.org\/haberler\/kafkasyadan\/item\/2305-20-eyl%C3%BCl-%C3%A7erkes-g%C3%BCn%C3%BC-ilan-edildi.html\">kaffed.org<\/a><\/div>\n","protected":false},"excerpt":{"rendered":"<p>Kabardey Balkar Cumhuriyeti Cumhurba\u015fkan\u0131 Yuri Kokov taraf\u0131ndan 12 A\u011fustos 2014 tarih ve 166 nolu kararname ile 20 Eyl\u00fcl g\u00fcn\u00fc, \u00c7erkes (Ad\u0131ge) G\u00fcn\u00fc olarak ilan edildi. KBC Ge\u00e7ici Cumhurba\u015fkan\u0131 taraf\u0131ndan imzalanan kararname \u00f6zetle a\u015fa\u011f\u0131daki gibidir; \u201c\u2026Kabardey Balkar Cumhuriyetinde ya\u015fayan ki\u015fi ve \u00c7erkes \u00f6rg\u00fctlenmelerinin yo\u011fun istekleri \u00fczerine karar verilmi\u015ftir: 1-20 Eyl\u00fcl g\u00fcn\u00fc, \u00c7erkes (Ad\u0131ge) g\u00fcn\u00fcd\u00fcr. 2-20 Eyl\u00fcl [&hellip;]<\/p>\n","protected":false},"author":3,"featured_media":1971,"comment_status":"closed","ping_status":"open","sticky":false,"template":"","format":"standard","meta":{"pmpro_default_level":"","footnotes":""},"categories":[5],"tags":[],"class_list":["post-1970","post","type-post","status-publish","format-standard","has-post-thumbnail","hentry","category-news","pmpro-has-access"],"rttpg_featured_image_url":{"full":["https:\/\/www.croworld.org\/wp-content\/uploads\/2014\/08\/circassianflag.png",600,300,false],"landscape":["https:\/\/www.croworld.org\/wp-content\/uploads\/2014\/08\/circassianflag.png",600,300,false],"portraits":["https:\/\/www.croworld.org\/wp-content\/uploads\/2014\/08\/circassianflag.png",600,300,false],"thumbnail":["https:\/\/www.croworld.org\/wp-content\/uploads\/2014\/08\/circassianflag-150x150.png",150,150,true],"medium":["https:\/\/www.croworld.org\/wp-content\/uploads\/2014\/08\/circassianflag-300x150.png",300,150,true],"large":["https:\/\/www.croworld.org\/wp-content\/uploads\/2014\/08\/circassianflag.png",600,300,false],"1536x1536":["https:\/\/www.croworld.org\/wp-content\/uploads\/2014\/08\/circassianflag.png",600,300,false],"2048x2048":["https:\/\/www.croworld.org\/wp-content\/uploads\/2014\/08\/circassianflag.png",600,300,false]},"rttpg_author":{"display_name":"Admin-D","author_link":"https:\/\/www.croworld.org\/ar\/author\/admin-d\/"},"rttpg_comment":0,"rttpg_category":"<a href=\"https:\/\/www.croworld.org\/ar\/category\/news\/\" rel=\"category tag\">News<\/a>","rttpg_excerpt":"Kabardey Balkar Cumhuriyeti Cumhurba\u015fkan\u0131 Yuri Kokov taraf\u0131ndan 12 A\u011fustos 2014 tarih ve 166 nolu kararname ile 20 Eyl\u00fcl g\u00fcn\u00fc, \u00c7erkes (Ad\u0131ge) G\u00fcn\u00fc olarak ilan edildi. KBC Ge\u00e7ici Cumhurba\u015fkan\u0131 taraf\u0131ndan imzalanan kararname \u00f6zetle a\u015fa\u011f\u0131daki gibidir; \u201c\u2026Kabardey Balkar Cumhuriyetinde ya\u015fayan ki\u015fi ve \u00c7erkes \u00f6rg\u00fctlenmelerinin yo\u011fun istekleri \u00fczerine karar verilmi\u015ftir: 1-20 Eyl\u00fcl g\u00fcn\u00fc, \u00c7erkes (Ad\u0131ge) g\u00fcn\u00fcd\u00fcr. 2-20 Eyl\u00fcl&hellip;","_links":{"self":[{"href":"https:\/\/www.croworld.org\/ar\/wp-json\/wp\/v2\/posts\/1970","targetHints":{"allow":["GET"]}}],"collection":[{"href":"https:\/\/www.croworld.org\/ar\/wp-json\/wp\/v2\/posts"}],"about":[{"href":"https:\/\/www.croworld.org\/ar\/wp-json\/wp\/v2\/types\/post"}],"author":[{"embeddable":true,"href":"https:\/\/www.croworld.org\/ar\/wp-json\/wp\/v2\/users\/3"}],"replies":[{"embeddable":true,"href":"https:\/\/www.croworld.org\/ar\/wp-json\/wp\/v2\/comments?post=1970"}],"version-history":[{"count":5,"href":"https:\/\/www.croworld.org\/ar\/wp-json\/wp\/v2\/posts\/1970\/revisions"}],"predecessor-version":[{"id":2006,"href":"https:\/\/www.croworld.org\/ar\/wp-json\/wp\/v2\/posts\/1970\/revisions\/2006"}],"wp:featuredmedia":[{"embeddable":true,"href":"https:\/\/www.croworld.org\/ar\/wp-json\/wp\/v2\/media\/1971"}],"wp:attachment":[{"href":"https:\/\/www.croworld.org\/ar\/wp-json\/wp\/v2\/media?parent=1970"}],"wp:term":[{"taxonomy":"category","embeddable":true,"href":"https:\/\/www.croworld.org\/ar\/wp-json\/wp\/v2\/categories?post=1970"},{"taxonomy":"post_tag","embeddable":true,"href":"https:\/\/www.croworld.org\/ar\/wp-json\/wp\/v2\/tags?post=1970"}],"curies":[{"name":"wp","href":"https:\/\/api.w.org\/{rel}","templated":true}]}}