{"id":1904,"date":"2014-08-10T19:02:05","date_gmt":"2014-08-10T19:02:05","guid":{"rendered":"http:\/\/circassianrepatriation.com\/?p=1904"},"modified":"2014-08-10T19:15:07","modified_gmt":"2014-08-10T19:15:07","slug":"please-translate-in-tr_tr-%d9%81%d8%b9%d8%a7%d9%84%d9%8a%d8%a9-%d8%a3%d9%88%d8%b4%d8%ad%d8%a7%d9%85%d8%a7%d9%81-2014-%d8%a7%d9%84%d9%85%d9%86%d8%b8%d9%85%d8%a9-%d8%a7%d9%84%d8%a7%d8%ac%d8%aa%d9%85","status":"publish","type":"post","link":"https:\/\/www.croworld.org\/ar\/please-translate-in-tr_tr-%d9%81%d8%b9%d8%a7%d9%84%d9%8a%d8%a9-%d8%a3%d9%88%d8%b4%d8%ad%d8%a7%d9%85%d8%a7%d9%81-2014-%d8%a7%d9%84%d9%85%d9%86%d8%b8%d9%85%d8%a9-%d8%a7%d9%84%d8%a7%d8%ac%d8%aa%d9%85\/","title":{"rendered":"\u201cUASHKHAMAFE 2014\u201d Projesi"},"content":{"rendered":"<h3><\/h3>\n<div>\n<div>\n<p align=\"center\">\u00a0\u201cUASHKHAMAFE 2014\u201d Projesi<span id=\"more-136\"><\/span><\/p>\n<p align=\"center\">\u201cAd\u0131gehem ya Duney\u201d Sivil Kurumu<\/p>\n<p>\u00a0\u00a0D\u00fczenleme tarihi:\u00a016.08.2014 \u2015 28.08.2014.\u00a0D\u00fczenleme yeri:\u00a0Rusya Federasyonu, Kara Deniz k\u0131y\u0131boyu \u015eapsu\u011f b\u00f6lgesinde ba\u015flay\u0131p, Krasnodar b\u00f6lgesi, Ad\u0131geya Cumhuriyeti, Stavropol B\u00f6lgesi, Kara\u00e7ay-\u00c7erkes Cumhuriyeti, Kabardey-Balkar Cumhuriyeti alanlar\u0131 \u00fczerinden ge\u00e7ip, Elbrus Da\u011f\u0131 yak\u0131nlar\u0131nda bitecek arabalar ile gezi \u00a0\u00a0Projenin genel amac\u0131: Bir zamanlar \u015fuan ki t\u00fcm Kuzey Kafkasya b\u00f6lgesinde ya\u015fam\u0131\u015f halk\u0131n, \u00c7erkeslerin, k\u00fclt\u00fcr, dil ve manevi anla\u015fmazl\u0131klar\u0131na Rusya\u2019n\u0131n ve d\u00fcnyan\u0131n dikkatini \u00e7ekmek.\u00a0Kat\u0131l\u0131mc\u0131lar\u0131n say\u0131s\u0131: 50 ki\u015fi\u00a0Projenin hedefleri ve g\u00f6revleri:<\/p>\n<ol>\n<li>Rusya Federasyonun, e\u015fsiz g\u00fczelli\u011fi ile \u00f6ne \u00e7\u0131kan yerin, Kuzey Kafkasya\u2019n\u0131n, turizmine t\u00fcm d\u00fcnyan\u0131n dikkatini \u00e7ekmek.<\/li>\n<li>Kafkasya\u2019n\u0131n ve Avrupa\u2019n\u0131n en y\u00fcksek da\u011f\u0131, Ua\u015fhamaho\u2019n\u0131n (Elbrus) tepesine hep beraber \u00e7\u0131karak, \u00c7erkeslerin manevi ve k\u00fclt\u00fcrel birli\u011finin propagandas\u0131n\u0131 yapmak.<\/li>\n<li>\u00c7erkeslerin anavatan\u0131na d\u00f6n\u00fc\u015f\u00fcn propagandas\u0131n\u0131 yapmak.<\/li>\n<li>\u00c7erkescenin iki ana leh\u00e7enin \u00c7erkeslerin aras\u0131nda pop\u00fclerle\u015ftirmek.<\/li>\n<li>\u00c7erkes halk\u0131 i\u00e7in \u00f6nemli, simgesel tarihi yerleri ile tan\u0131\u015farak, \u00c7erkes halk\u0131n k\u00fclt\u00fcrel-tarihi miras\u0131n\u0131n yeniden canlan\u0131\u015f\u0131n\u0131 sa\u011flamak.<\/li>\n<\/ol>\n<p>\u0130deoloji: Program\u0131n hedefi, Rusya Federasyonun da ve di\u011fer \u00fclkelerde ya\u015fayan \u00c7erkesler aras\u0131nda canl\u0131 ileti\u015fimin ve k\u00fclt\u00fcler ba\u011flar\u0131n geli\u015ftirilmesidir. Diasporadan gelen \u00c7erkeslerin tarihi vatanlar\u0131 ile ger\u00e7ek tan\u0131\u015fma imkan\u0131 olacak, halk\u0131m\u0131z i\u00e7in \u00f6nemli, kutsal olan tarihi yerleri g\u00f6rebilecekler. Projenin organizat\u00f6rleri olarak Suriye de d\u00f6rt senedir devam eden sava\u015fa dikkat \u00e7ekmek istiyoruz, bu sava\u015f orda ki karde\u015flerimize \u00e7erkeslere de dokundu. Bizler, projenin kat\u0131l\u0131mc\u0131lar\u0131, sava\u015f\u0131n i\u00e7inde rehine kalm\u0131\u015f hem\u015ferilerimizi manevice desteklemek ve projemizi onar\u0131n kurtar\u0131lmas\u0131na ve anavatanlar\u0131na geri getirilmesine adamak istiyoruz. Bu proje ile Rusya\u2019n\u0131n dikkatini bu probleme \u00e7ekmek istiyoruz ve tarihi anavatan\u0131na geri d\u00f6nmek isteyen \u00e7erkesler i\u00e7in kolayla\u015ft\u0131rm\u0131\u015f vize rejimin a\u00e7\u0131laca\u011f\u0131n\u0131 \u00fcmit ediyoruz. Devletin \u00e7e\u015fitli kurumlar\u0131 ile ger\u00e7ek imkanlar\u0131m\u0131z do\u011facakt\u0131r, d\u00f6nenlere gerekecek Rusya Federasyonun resmi dili \u2014 Rus\u00e7a dilini \u00f6\u011frenme \u00f6zel kurslar\u0131n a\u00e7\u0131lmas\u0131, i\u015f yeri ve ikamet edecek yerleri aramalar\u0131nda yard\u0131mlar. Projenin ger\u00e7ekle\u015fmesi, t\u00fcm d\u00fcnyada \u00c7erkeslerin pozitif itibari yaratacakt\u0131r, geni\u015f ve farkl\u0131 toplumlar\u0131n onay\u0131 kazand\u0131racakt\u0131r ve Ad\u0131gey ile Kabardey-Balkar Cumhuriyetlerin t\u00fcrizm sekt\u00f6r\u00fcne b\u00fcy\u00fck katk\u0131s\u0131 olacakt\u0131r. \u201cAd\u0131gehem ya Duney\u201d Sivil Kurumu (\u00c7erkes D\u00fcnyas\u0131), bu ba\u015flatt\u0131\u011f\u0131 projenin yard\u0131m\u0131 ile t\u00fcm d\u00fcnyan\u0131n kamuoyuna, \u00c7erkeslerin manevi, dilli ve k\u00fclt\u00fcrel anlamazl\u0131\u011f\u0131 probleminin derinli\u011fini anlat\u0131p: Rusya\u2019n\u0131n ve t\u00fcm d\u00fcnyan\u0131n g\u00f6z\u00fcnde \u00c7erkeslerin imaj\u0131n\u0131 olumlula\u015ft\u0131rmay\u0131 umut ediyor.<\/p>\n<p>Organize Komitenin \u00dcyeleri<\/p>\n<table border=\"0\" cellspacing=\"0\" cellpadding=\"0\">\n<tbody>\n<tr>\n<td valign=\"top\" width=\"42\">1.<\/td>\n<td valign=\"top\" width=\"400\">Seferin y\u00f6neticisi Beslan Teuvaj<\/td>\n<\/tr>\n<tr>\n<td valign=\"top\" width=\"42\">2.<\/td>\n<td valign=\"top\" width=\"400\">Y\u00f6netici vekili Zaudin C\u0131ciy<\/td>\n<\/tr>\n<tr>\n<td valign=\"top\" width=\"42\">3.<\/td>\n<td valign=\"top\" width=\"400\">Y\u00f6netici vekili \u015ealih Kobl<\/td>\n<\/tr>\n<tr>\n<td valign=\"top\" width=\"42\">4.<\/td>\n<td valign=\"top\" width=\"400\">Doktor Larisa Hadipa\u015f<\/td>\n<\/tr>\n<\/tbody>\n<\/table>\n<p>Eylem Plan\u0131:<\/p>\n<table border=\"0\" cellspacing=\"0\" cellpadding=\"0\">\n<tbody>\n<tr>\n<td valign=\"top\" width=\"132\">\n<p align=\"center\">Tarih<\/p>\n<\/td>\n<td valign=\"top\" width=\"220\">\n<p align=\"center\">Eylem<\/p>\n<\/td>\n<td valign=\"top\" width=\"132\">\n<p align=\"center\">Yer<\/p>\n<\/td>\n<td valign=\"top\" width=\"132\"><\/td>\n<\/tr>\n<tr>\n<td valign=\"top\" width=\"132\">16 A\u011fustos 2014<\/td>\n<td valign=\"top\" width=\"220\">Toplanma, kat\u0131l\u0131mc\u0131lar\u0131n tan\u0131\u015fmas\u0131, konaklama, gala yeme\u011fi<\/td>\n<td valign=\"top\" width=\"132\">Bol\u015foy Ki\u00e7may k\u00f6y\u00fc<\/td>\n<td valign=\"top\" width=\"132\">Bol\u015foy Ki\u00e7may k\u00f6y\u00fcnde geceleme<\/td>\n<\/tr>\n<tr>\n<td valign=\"top\" width=\"132\">17 A\u011fustos 2014<\/td>\n<td valign=\"top\" width=\"220\">Resmi kar\u015f\u0131lama konu\u015fmas\u0131, Lale a\u011fac\u0131na y\u00fcr\u00fcy\u00fc\u015f, Karadeniz kenar\u0131nda 1 dakika sayg\u0131 duru\u015fu, ara\u00e7 konvoyu olu\u015fturulmas\u0131<\/td>\n<td valign=\"top\" width=\"132\">Bol\u015foy Ki\u00e7may k\u00f6y\u00fc<\/td>\n<td valign=\"top\" width=\"132\"><\/td>\n<\/tr>\n<tr>\n<td valign=\"top\" width=\"132\">17 A\u011fustos 2014<\/td>\n<td valign=\"top\" width=\"220\">Ara\u00e7 konvoyunun 1ci etab\u0131-Panahes ve Afipsip k\u00f6ylerine gidi\u015f<\/td>\n<td valign=\"top\" width=\"132\">K. Panahes, Afipsip<\/td>\n<td valign=\"top\" width=\"132\">Adygeysk \u015fehrinde geceleme<\/td>\n<\/tr>\n<tr>\n<td valign=\"top\" width=\"132\">18 A\u011fustos 2014<\/td>\n<td valign=\"top\" width=\"220\">Ara\u00e7 konvoyunun 2ci etab\u0131:- Adygeysk- Su alt\u0131nda kalan k\u00f6yler an\u0131t\u0131-\u00a0 Maykop- Mafehable \u2014 Kamu kurulu\u015flar\u0131 Adyge Haselerin temsilcileri ile toplant\u0131 Gala, ak\u015fam yeme\u011fi, d\u00fc\u011f\u00fcn<\/td>\n<td valign=\"top\" width=\"132\">&#8211; \u015f. Adygeysk- \u015f. Maykop- k. Mafehable<\/td>\n<td valign=\"top\" width=\"132\">\u00a0Maykop \u015fehrinde geceleme<\/td>\n<\/tr>\n<tr>\n<td valign=\"top\" width=\"132\">19 A\u011fustos 2014<\/td>\n<td valign=\"top\" width=\"220\">Ara\u00e7 konvoyunun 3c\u00fc etab\u0131:- \u015eha\u015fefij ya da Hodz- Ali-Berdukovskyi- \u00c7erkessk- Nal\u00e7ik Nal\u00e7ik \u015fehri giri\u015finde \u00c7erkes atl\u0131lar\u0131n bulu\u015fmas\u0131 Gala, ak\u015fam yeme\u011fi, d\u00fc\u011f\u00fcn<\/td>\n<td valign=\"top\" width=\"132\">&#8211; \u015eha\u015fefij- Ali-Berdukovskyi-\u00c7erkessk- Nal\u00e7ik<\/td>\n<td valign=\"top\" width=\"132\">Nal\u00e7ik \u015fehrinde geceleme<\/td>\n<\/tr>\n<tr>\n<td valign=\"top\" width=\"132\">20 A\u011fustos 2014<\/td>\n<td valign=\"top\" width=\"220\">Elbruz\u2019a gidi\u015f<\/td>\n<td valign=\"top\" width=\"132\">Prielbrusye<\/td>\n<td valign=\"top\" width=\"132\">T\u0131rman\u0131\u015f\u0131n sonuna kadar otel Alpina\u2019da ve Priyut 11\u2019de konaklama<\/td>\n<\/tr>\n<tr>\n<td valign=\"top\" width=\"132\">21 A\u011fustos 2014<\/td>\n<td valign=\"top\" width=\"220\">\u0130rik Buzulunda ortam al\u0131\u015fma y\u00fcr\u00fcy\u00fc\u015f\u00fc<\/td>\n<td valign=\"top\" width=\"132\">Alpina<\/td>\n<td valign=\"top\" width=\"132\">\n<p align=\"center\">Alpina\u2019da geceleme<\/p>\n<\/td>\n<\/tr>\n<tr>\n<td valign=\"top\" width=\"132\">22 A\u011fustos 2014<\/td>\n<td valign=\"top\" width=\"220\">Alternatif bir d\u00fczenleme \u2013 \u00c7eget Da\u011f\u0131na ya da Devi\u00e7yi Kosi \u015eelale\u2019ye \u00e7\u0131k\u0131\u015f<\/td>\n<td valign=\"top\" width=\"132\">Alpina<\/td>\n<td valign=\"top\" width=\"132\"><\/td>\n<\/tr>\n<tr>\n<td valign=\"top\" width=\"132\">23 A\u011fustos 2014<\/td>\n<td valign=\"top\" width=\"220\">O\u015fhamafa yamac\u0131na kadar teleferik ile \u00e7\u0131kmaKampta geceleme<\/td>\n<td valign=\"top\" width=\"132\">Priyut 11<\/td>\n<td valign=\"top\" width=\"132\">Priyut 11\u2019de geceleme<\/td>\n<\/tr>\n<tr>\n<td valign=\"top\" width=\"132\">24 A\u011fustos 2014<\/td>\n<td valign=\"top\" width=\"220\">Pastuhova yamac\u0131na t\u0131rman\u0131c\u0131 tak\u0131mlar\u0131n haz\u0131rl\u0131\u011f\u0131na g\u00f6re e\u011fitim \u00e7\u0131k\u0131\u015f\u0131<\/td>\n<td valign=\"top\" width=\"132\">Priyut 11<\/td>\n<td valign=\"top\" width=\"132\"><\/td>\n<\/tr>\n<tr>\n<td valign=\"top\" width=\"132\">25- 26 \u0430\u0432\u0433\u0443\u0441\u0442\u04302014A\u011fustos 25-26 2014<\/td>\n<td valign=\"top\" width=\"220\">\u043f\u043e\u0434\u044a\u0435\u043c \u043d\u0430 \u0432\u0435\u0440\u0448\u0438\u043d\u0443 I\u043e\u0448\u044a\u0445\u044c\u0430\u043c\u0430\u0445\u0443\u044d \u0432 \u0437\u0430\u0432\u0438\u0441\u0438\u043c\u043e\u0441\u0442\u0438 \u043e\u0442 \u043f\u043e\u0433\u043e\u0434\u043d\u044b\u0445 \u0443\u0441\u043b\u043e\u0432\u0438\u0439 , \u0441\u043f\u0443\u0441\u043a \u043a \u043c\u0435\u0441\u0442\u0443 \u043b\u0430\u0433\u0435\u0440\u043d\u043e\u0439 \u0441\u0442\u043e\u044f\u043d\u043a\u0438Hava durumuna g\u00f6re O\u015fhamafa\u2019ya t\u0131rman\u0131\u015f, kamp yerine ini\u015f<\/td>\n<td valign=\"top\" width=\"132\">Priyut 11<\/td>\n<td valign=\"top\" width=\"132\"><\/td>\n<\/tr>\n<tr>\n<td valign=\"top\" width=\"132\">A\u011fustos 26-27 2014<\/td>\n<td valign=\"top\" width=\"220\">Nal\u00e7ik \u015fehrine d\u00f6n\u00fc\u015f, gala, ak\u015fam yeme\u011fi, d\u00fc\u011f\u00fcn<\/td>\n<td valign=\"top\" width=\"132\">Nal\u00e7ik<\/td>\n<td valign=\"top\" width=\"132\">Nal\u00e7ik \u015fehrinde geceleme<\/td>\n<\/tr>\n<tr>\n<td valign=\"top\" width=\"132\">A\u011fustos 27-28 2014<\/td>\n<td valign=\"top\" width=\"220\">Program\u0131n sonu, vedala\u015fma, kat\u0131l\u0131mc\u0131lar\u0131n ayr\u0131lmas\u0131<\/td>\n<td valign=\"top\" width=\"132\">Nal\u00e7ik<\/td>\n<td valign=\"top\" width=\"132\"><\/td>\n<\/tr>\n<\/tbody>\n<\/table>\n<p>Proje kat\u0131l\u0131mc\u0131lar\u0131:\u00a0Rusya Federasyonu\u2019nda, T\u00fcrkiye\u2019de, Suriye\u2019de, \u00dcrd\u00fcn\u2019de, ABD\u2019de, Almanya\u2019da Fransa\u2019da ve Hollanda\u2019da ya\u015fayan \u00c7erkesler. \u00a0\u00a0Proje finansman\u0131:\u00a0Proje finansman\u0131n\u0131 kat\u0131l\u0131mc\u0131lar kendileri kar\u015f\u0131l\u0131yor. Vize ihtiyac\u0131 olanlara vize al\u0131nmas\u0131na yard\u0131mc\u0131 olabiliriz. Gerekli ki\u015fisel ihtiya\u00e7lar ve gidi\u015f geli\u015f yol paras\u0131, bunun yan\u0131 s\u0131ra yiyecek ve konaklama masraflar\u0131 kat\u0131l\u0131mc\u0131lar taraf\u0131ndan \u00f6denecektir. Yakla\u015f\u0131k tutar 1000 dolar olacakt\u0131r.\u00a0Gerekli \u0130htiya\u00e7 Listesi\u00a0&#8211;\u00a0\u00a0\u00a0\u00a0\u00a0\u00a0\u00a0\u00a0 Pasaport &#8211;\u00a0\u00a0\u00a0\u00a0\u00a0\u00a0\u00a0\u00a0 Hava\/demiryolu biletleri &#8211;\u00a0\u00a0\u00a0\u00a0\u00a0\u00a0\u00a0\u00a0 \u00d6nerilen! Adyge fa\u015fa, Adyge saye (Adyge gelenek kost\u00fcmleri), \u00c7erkes bayra\u011f\u0131, Adyge p\u015fine, pkha\u00e7i\u00e7, foto ve video cihazlar\u0131 &#8211;\u00a0\u00a0\u00a0\u00a0\u00a0\u00a0\u00a0\u00a0 Spor ayakkab\u0131s\u0131, ko\u015fu ayakkab\u0131lar\u0131 (iklime ve da\u011fc\u0131l\u0131\u011fa uygun) &#8211;\u00a0\u00a0\u00a0\u00a0\u00a0\u00a0\u00a0\u00a0 Terlik, banyo\/sauna terli\u011fi &#8211;\u00a0\u00a0\u00a0\u00a0\u00a0\u00a0\u00a0\u00a0 K\u0131\u015fl\u0131k mont &#8211;\u00a0\u00a0\u00a0\u00a0\u00a0\u00a0\u00a0\u00a0 Su ve r\u00fcz\u011far ge\u00e7irmez mont ve pantolon &#8211;\u00a0\u00a0\u00a0\u00a0\u00a0\u00a0\u00a0\u00a0 Kal\u0131n kazak &#8211;\u00a0\u00a0\u00a0\u00a0\u00a0\u00a0\u00a0\u00a0 \u0130nce kazak &#8211;\u00a0\u00a0\u00a0\u00a0\u00a0\u00a0\u00a0\u00a0 Uzun kollu T-\u015fort (2-3 tane) &#8211;\u00a0\u00a0\u00a0\u00a0\u00a0\u00a0\u00a0\u00a0 \u015eort, e\u015fofman &#8211;\u00a0\u00a0\u00a0\u00a0\u00a0\u00a0\u00a0\u00a0 Termos &#8211;\u00a0\u00a0\u00a0\u00a0\u00a0\u00a0\u00a0\u00a0 G\u00fcne\u015f g\u00f6zl\u00fc\u011f\u00fc \u00a0\u00a0\u0130nternet sayfam\u0131z:\u00a0<a href=\"http:\/\/www.umaho.ru\/\">www.umaho.ru<\/a>\u00a0Facebook adresimiz:<a href=\"http:\/\/www.facebook.com\/umaho\">http:\/\/www.facebook.com\/umaho<\/a>\u00a0\u0130leti\u015fim:<\/p>\n<ol>\n<li>Teuvajev Beslan\u00a0 (Beslan Teuvaj)<\/li>\n<\/ol>\n<p>https:\/\/www.facebook.com\/teuvazh tel: +79651822552 +79268487134 Skype: teuvazh2 email: beslan79@teuvazh.ru 2.Larisa Hadipa\u015f (Larissa Hadipa\u015f) https:\/\/www.facebook.com\/larissaadyge tel: +7 985 997 5133 Skype: siestsbonita email: lorasalsa@mail.ru<\/p>\n<\/div>\n<\/div>\n","protected":false},"excerpt":{"rendered":"<p>\u00a0\u201cUASHKHAMAFE 2014\u201d Projesi \u201cAd\u0131gehem ya Duney\u201d Sivil Kurumu \u00a0\u00a0D\u00fczenleme tarihi:\u00a016.08.2014 \u2015 28.08.2014.\u00a0D\u00fczenleme yeri:\u00a0Rusya Federasyonu, Kara Deniz k\u0131y\u0131boyu \u015eapsu\u011f b\u00f6lgesinde ba\u015flay\u0131p, Krasnodar b\u00f6lgesi, Ad\u0131geya Cumhuriyeti, Stavropol B\u00f6lgesi, Kara\u00e7ay-\u00c7erkes Cumhuriyeti, Kabardey-Balkar Cumhuriyeti alanlar\u0131 \u00fczerinden ge\u00e7ip, Elbrus Da\u011f\u0131 yak\u0131nlar\u0131nda bitecek arabalar ile gezi \u00a0\u00a0Projenin genel amac\u0131: Bir zamanlar \u015fuan ki t\u00fcm Kuzey Kafkasya b\u00f6lgesinde ya\u015fam\u0131\u015f halk\u0131n, \u00c7erkeslerin, k\u00fclt\u00fcr, [&hellip;]<\/p>\n","protected":false},"author":3,"featured_media":1893,"comment_status":"closed","ping_status":"open","sticky":false,"template":"","format":"standard","meta":{"pmpro_default_level":"","footnotes":""},"categories":[5],"tags":[],"class_list":["post-1904","post","type-post","status-publish","format-standard","has-post-thumbnail","hentry","category-news","pmpro-has-access"],"rttpg_featured_image_url":{"full":["https:\/\/www.croworld.org\/wp-content\/uploads\/2014\/08\/ushhamafa.jpg",300,208,false],"landscape":["https:\/\/www.croworld.org\/wp-content\/uploads\/2014\/08\/ushhamafa.jpg",300,208,false],"portraits":["https:\/\/www.croworld.org\/wp-content\/uploads\/2014\/08\/ushhamafa.jpg",300,208,false],"thumbnail":["https:\/\/www.croworld.org\/wp-content\/uploads\/2014\/08\/ushhamafa-150x150.jpg",150,150,true],"medium":["https:\/\/www.croworld.org\/wp-content\/uploads\/2014\/08\/ushhamafa.jpg",300,208,false],"large":["https:\/\/www.croworld.org\/wp-content\/uploads\/2014\/08\/ushhamafa.jpg",300,208,false],"1536x1536":["https:\/\/www.croworld.org\/wp-content\/uploads\/2014\/08\/ushhamafa.jpg",300,208,false],"2048x2048":["https:\/\/www.croworld.org\/wp-content\/uploads\/2014\/08\/ushhamafa.jpg",300,208,false]},"rttpg_author":{"display_name":"Admin-D","author_link":"https:\/\/www.croworld.org\/ar\/author\/admin-d\/"},"rttpg_comment":0,"rttpg_category":"<a href=\"https:\/\/www.croworld.org\/ar\/category\/news\/\" rel=\"category tag\">News<\/a>","rttpg_excerpt":"\u00a0\u201cUASHKHAMAFE 2014\u201d Projesi \u201cAd\u0131gehem ya Duney\u201d Sivil Kurumu \u00a0\u00a0D\u00fczenleme tarihi:\u00a016.08.2014 \u2015 28.08.2014.\u00a0D\u00fczenleme yeri:\u00a0Rusya Federasyonu, Kara Deniz k\u0131y\u0131boyu \u015eapsu\u011f b\u00f6lgesinde ba\u015flay\u0131p, Krasnodar b\u00f6lgesi, Ad\u0131geya Cumhuriyeti, Stavropol B\u00f6lgesi, Kara\u00e7ay-\u00c7erkes Cumhuriyeti, Kabardey-Balkar Cumhuriyeti alanlar\u0131 \u00fczerinden ge\u00e7ip, Elbrus Da\u011f\u0131 yak\u0131nlar\u0131nda bitecek arabalar ile gezi \u00a0\u00a0Projenin genel amac\u0131: Bir zamanlar \u015fuan ki t\u00fcm Kuzey Kafkasya b\u00f6lgesinde ya\u015fam\u0131\u015f halk\u0131n, \u00c7erkeslerin, k\u00fclt\u00fcr,&hellip;","_links":{"self":[{"href":"https:\/\/www.croworld.org\/ar\/wp-json\/wp\/v2\/posts\/1904","targetHints":{"allow":["GET"]}}],"collection":[{"href":"https:\/\/www.croworld.org\/ar\/wp-json\/wp\/v2\/posts"}],"about":[{"href":"https:\/\/www.croworld.org\/ar\/wp-json\/wp\/v2\/types\/post"}],"author":[{"embeddable":true,"href":"https:\/\/www.croworld.org\/ar\/wp-json\/wp\/v2\/users\/3"}],"replies":[{"embeddable":true,"href":"https:\/\/www.croworld.org\/ar\/wp-json\/wp\/v2\/comments?post=1904"}],"version-history":[{"count":5,"href":"https:\/\/www.croworld.org\/ar\/wp-json\/wp\/v2\/posts\/1904\/revisions"}],"predecessor-version":[{"id":1924,"href":"https:\/\/www.croworld.org\/ar\/wp-json\/wp\/v2\/posts\/1904\/revisions\/1924"}],"wp:featuredmedia":[{"embeddable":true,"href":"https:\/\/www.croworld.org\/ar\/wp-json\/wp\/v2\/media\/1893"}],"wp:attachment":[{"href":"https:\/\/www.croworld.org\/ar\/wp-json\/wp\/v2\/media?parent=1904"}],"wp:term":[{"taxonomy":"category","embeddable":true,"href":"https:\/\/www.croworld.org\/ar\/wp-json\/wp\/v2\/categories?post=1904"},{"taxonomy":"post_tag","embeddable":true,"href":"https:\/\/www.croworld.org\/ar\/wp-json\/wp\/v2\/tags?post=1904"}],"curies":[{"name":"wp","href":"https:\/\/api.w.org\/{rel}","templated":true}]}}