{"id":1733,"date":"2014-07-27T01:30:36","date_gmt":"2014-07-27T01:30:36","guid":{"rendered":"http:\/\/circassianrepatriation.com\/?p=1733"},"modified":"2014-07-27T01:42:55","modified_gmt":"2014-07-27T01:42:55","slug":"aslan-besto-dunyadaki-her-cerkes-cerkeslerin-vatana-geri-donus-organizasyonun-bir-uyesi-olabilir","status":"publish","type":"post","link":"https:\/\/www.croworld.org\/ar\/aslan-besto-dunyadaki-her-cerkes-cerkeslerin-vatana-geri-donus-organizasyonun-bir-uyesi-olabilir\/","title":{"rendered":"Aslan Be\u015fto: &#8220;D\u00fcnyadaki her \u00c7erkes, \u00c7erkeslerin Vatana Geri D\u00f6n\u00fc\u015f Organizasyonun bir \u00fcyesi olabilir&#8221;"},"content":{"rendered":"<h3>Uluslararas\u0131 Geri D\u00f6n\u00fc\u015f\u00e7\u00fclere Destek Derne\u011fi kuruldu<\/h3>\n<h6><\/h6>\n<h6>24.7.2014 &#8211; 6:38<\/h6>\n<h6><\/h6>\n<h6>Kavkazki Uzel,AjansKafkas<\/h6>\n<h6>Geri d\u00f6n\u00fc\u015f\u00e7\u00fclere destek i\u00e7in Kanada\u2019da uluslararas\u0131 \u00c7erkes \u00f6rg\u00fct\u00fcn\u00fcn \u00e7al\u0131\u015fmalara ba\u015flad\u0131\u011f\u0131, yeni organizasyonun y\u00f6netim kurulu \u00fcyesi Kabardey Kongresi sivil hareketi (Nal\u00e7ik) Ba\u015fkan\u0131 Aslan Be\u015fto taraf\u0131ndan a\u00e7\u0131kland\u0131. Be\u015fto, yeni organizasyonun sadece insani yard\u0131m anlam\u0131nda \u00e7al\u0131\u015fmalarda bulunaca\u011f\u0131n\u0131 ifade etti.<\/h6>\n<p>Be\u015fto\u2019nun ifadesine g\u00f6re, organizasyonun kurulmas\u0131 fikri \u00c7erkes diasporas\u0131 mensuplar\u0131na ait.<\/p>\n<p>&nbsp;<\/p>\n<p>Kabardey Kongresi Ba\u015fkan\u0131 Be\u015fto \u201c Suriye\u2019den vatan\u0131na d\u00f6nen \u00c7erkeslerin kar\u015f\u0131la\u015ft\u0131klar\u0131 zorluk ve problemleri analiz eden inisiyatif grup, organizasyonun \u00e7al\u0131\u015fma prensiplerini haz\u0131rlad\u0131. Bu yeni organizasyon, sadece geri d\u00f6n\u00fc\u015f konusu ile ilgilenecek olan ilk uluslararas\u0131 \u00c7erkes \u00f6rg\u00fct\u00fc. Hi\u00e7 bir politika, anla\u015fmazl\u0131k, eylem yok, sadece insani anlamda \u00e7al\u0131\u015fmalar y\u00fcr\u00fctecek. Bu \u00f6ncelikli olarak anavatana d\u00f6n\u00fc\u015f s\u00fcrecinde finansal ve\u00a0 hukuki destek sa\u011flama \u015feklinde olacak\u201d dedi.<\/p>\n<p>&nbsp;<\/p>\n<p>Uluslararas\u0131 geri d\u00f6n\u00fc\u015f \u00c7erkes \u00f6rg\u00fct\u00fcn\u00fcn \u00e7al\u0131\u015fmalar\u0131, uluslararas\u0131 ve Rusya yasamas\u0131 uzmanlar\u0131n\u0131n, hukuk\u00e7ular\u0131n\u0131n geri d\u00f6n\u00fc\u015f\u00e7\u00fclerin konut edinme ve yeni \u015fartlara adaptasyonu konusunda destek y\u00f6n\u00fcnde olacak.<\/p>\n<p>&nbsp;<\/p>\n<p>Be\u015fto \u201c Yeni \u00f6rg\u00fct Kanada\u2019da resmen kuruldu, ancak bu \u00f6rg\u00fct\u00fcn \u00fcyeleri ya\u015fad\u0131\u011f\u0131 \u00fclkeye ba\u011fl\u0131 olmaks\u0131z\u0131n, \u00c7erkeslerin tarihi vatanlar\u0131na d\u00f6n\u00fc\u015flerinde yard\u0131m etmeyi isteyen ve edebilecek olan d\u00fcnyadaki her \u00c7erkes olabilir\u201d dedi.<\/p>\n<p>&nbsp;<\/p>\n<p>Geri d\u00f6n\u00fc\u015f \u00f6rg\u00fct\u00fc y\u00f6netim kurulunda \u015fu isimler yer ald\u0131: \u0130rfan Sokar-Sta\u015f ( y\u00f6netim kurulu ba\u015fkan\u0131 Kanada), Amer Dahkan (Kanada), Nur Barsbay (ABD), Div Ket (Kabardey-Balkar), Ali Bgan (Ad\u0131gey, \u0130srail), Aslan Be\u015fto (Kabardey-Balkar), Tina Abdzah (\u0130sve\u00e7), Nart Bakir (Birle\u015fik Arap Emirlikleri), Yahya Hacbioko ( \u00dcrd\u00fcn, Suriye), Nart Hahu (T\u00fcrkiye).<\/p>\n<p>&nbsp;<\/p>\n<p>Bu yeni \u00f6rg\u00fct, resmi olarak t\u00fcm d\u00fcnyadaki \u00c7erkeslerle \u00e7al\u0131\u015faca\u011f\u0131n\u0131 a\u00e7\u0131klam\u0131\u015f olan ikinci uluslararas\u0131 \u00c7erkes \u00f6rg\u00fct\u00fc. \u0130lk \u00f6rg\u00fct bilindi\u011fi gibi faaliyetlerini D\u00fcnya \u00c7erkes Birli\u011fi ad\u0131 alt\u0131nda y\u00fcr\u00fcten organizasyon olarak biliniyor.<\/p>\n<p>&nbsp;<\/p>\n<p><a href=\"http:\/\/ajanskafkas.com\/haber,30616,uluslararasi_geri_d_oumln_uumls_ccedil_uumllere_de.htm\">http:\/\/ajanskafkas.com\/haber,30616,uluslararasi_geri_d_oumln_uumls_ccedil_uumllere_de.htm<\/a><\/p>\n<p>&nbsp;<\/p>\n<h6><\/h6>\n","protected":false},"excerpt":{"rendered":"<p>Uluslararas\u0131 Geri D\u00f6n\u00fc\u015f\u00e7\u00fclere Destek Derne\u011fi kuruldu 24.7.2014 &#8211; 6:38 Kavkazki Uzel,AjansKafkas Geri d\u00f6n\u00fc\u015f\u00e7\u00fclere destek i\u00e7in Kanada\u2019da uluslararas\u0131 \u00c7erkes \u00f6rg\u00fct\u00fcn\u00fcn \u00e7al\u0131\u015fmalara ba\u015flad\u0131\u011f\u0131, yeni organizasyonun y\u00f6netim kurulu \u00fcyesi Kabardey Kongresi sivil hareketi (Nal\u00e7ik) Ba\u015fkan\u0131 Aslan Be\u015fto taraf\u0131ndan a\u00e7\u0131kland\u0131. Be\u015fto, yeni organizasyonun sadece insani yard\u0131m anlam\u0131nda \u00e7al\u0131\u015fmalarda bulunaca\u011f\u0131n\u0131 ifade etti. Be\u015fto\u2019nun ifadesine g\u00f6re, organizasyonun kurulmas\u0131 fikri \u00c7erkes diasporas\u0131 [&hellip;]<\/p>\n","protected":false},"author":3,"featured_media":0,"comment_status":"closed","ping_status":"open","sticky":false,"template":"","format":"standard","meta":{"pmpro_default_level":"","footnotes":""},"categories":[5],"tags":[],"class_list":["post-1733","post","type-post","status-publish","format-standard","hentry","category-news","pmpro-has-access"],"rttpg_featured_image_url":null,"rttpg_author":{"display_name":"Admin-D","author_link":"https:\/\/www.croworld.org\/ar\/author\/admin-d\/"},"rttpg_comment":0,"rttpg_category":"<a href=\"https:\/\/www.croworld.org\/ar\/category\/news\/\" rel=\"category tag\">News<\/a>","rttpg_excerpt":"Uluslararas\u0131 Geri D\u00f6n\u00fc\u015f\u00e7\u00fclere Destek Derne\u011fi kuruldu 24.7.2014 &#8211; 6:38 Kavkazki Uzel,AjansKafkas Geri d\u00f6n\u00fc\u015f\u00e7\u00fclere destek i\u00e7in Kanada\u2019da uluslararas\u0131 \u00c7erkes \u00f6rg\u00fct\u00fcn\u00fcn \u00e7al\u0131\u015fmalara ba\u015flad\u0131\u011f\u0131, yeni organizasyonun y\u00f6netim kurulu \u00fcyesi Kabardey Kongresi sivil hareketi (Nal\u00e7ik) Ba\u015fkan\u0131 Aslan Be\u015fto taraf\u0131ndan a\u00e7\u0131kland\u0131. Be\u015fto, yeni organizasyonun sadece insani yard\u0131m anlam\u0131nda \u00e7al\u0131\u015fmalarda bulunaca\u011f\u0131n\u0131 ifade etti. Be\u015fto\u2019nun ifadesine g\u00f6re, organizasyonun kurulmas\u0131 fikri \u00c7erkes diasporas\u0131&hellip;","_links":{"self":[{"href":"https:\/\/www.croworld.org\/ar\/wp-json\/wp\/v2\/posts\/1733","targetHints":{"allow":["GET"]}}],"collection":[{"href":"https:\/\/www.croworld.org\/ar\/wp-json\/wp\/v2\/posts"}],"about":[{"href":"https:\/\/www.croworld.org\/ar\/wp-json\/wp\/v2\/types\/post"}],"author":[{"embeddable":true,"href":"https:\/\/www.croworld.org\/ar\/wp-json\/wp\/v2\/users\/3"}],"replies":[{"embeddable":true,"href":"https:\/\/www.croworld.org\/ar\/wp-json\/wp\/v2\/comments?post=1733"}],"version-history":[{"count":4,"href":"https:\/\/www.croworld.org\/ar\/wp-json\/wp\/v2\/posts\/1733\/revisions"}],"predecessor-version":[{"id":1740,"href":"https:\/\/www.croworld.org\/ar\/wp-json\/wp\/v2\/posts\/1733\/revisions\/1740"}],"wp:attachment":[{"href":"https:\/\/www.croworld.org\/ar\/wp-json\/wp\/v2\/media?parent=1733"}],"wp:term":[{"taxonomy":"category","embeddable":true,"href":"https:\/\/www.croworld.org\/ar\/wp-json\/wp\/v2\/categories?post=1733"},{"taxonomy":"post_tag","embeddable":true,"href":"https:\/\/www.croworld.org\/ar\/wp-json\/wp\/v2\/tags?post=1733"}],"curies":[{"name":"wp","href":"https:\/\/api.w.org\/{rel}","templated":true}]}}