{"id":720,"date":"2014-06-25T17:47:55","date_gmt":"2014-06-25T17:47:55","guid":{"rendered":"http:\/\/circassianrepatriation.com\/?p=720"},"modified":"2014-08-05T21:06:13","modified_gmt":"2014-08-05T21:06:13","slug":"please-translate-in-tr_tr-returned-refugees-from-syria","status":"publish","type":"post","link":"https:\/\/www.croworld.org\/ady\/please-translate-in-tr_tr-returned-refugees-from-syria\/","title":{"rendered":"Ad\u0131gey\u2019de Suriyeli \u00c7erkeslere \u00fccretsiz arsa verilecek"},"content":{"rendered":"<h1 style=\"text-align: center;\"><\/h1>\n<p style=\"text-align: left;\"><strong>Ad\u0131geyde Suriyeli \u00c7erkesler i\u00e7in arsa .\u00a0<\/strong><\/p>\n<p><strong>Ad\u0131geyde Suriyeli \u00c7erkeslerin ev in\u015fa edebilmeleri i\u00e7in 89 hektarl\u0131k alan ayr\u0131ld\u0131.<\/strong><\/p>\n<p>Geri D\u00f6n\u00fc\u015f\u00e7\u00fcler G\u00fcn\u00fc \u00f6ncesinde Ad\u0131gey ba\u015fkan\u0131 diasporadan geri d\u00f6n\u00fc\u015f yapan yurtta\u015flar, geri d\u00f6n\u00fc\u015f\u00e7\u00fclere anavatanlar\u0131nda adaptasyon konusunda yard\u0131mc\u0131 olan sivil \u00f6rg\u00fct liderleri ile bir araya geldi.<\/p>\n<p>K\u0131sa s\u00fcre \u00f6nce Suriye\u2019den geri d\u00f6n\u00fc\u015f yapm\u0131\u015f olan Ad\u0131gelerin \u00e7o\u011funlu\u011fu kendilerine ev verilen k\u00f6ylere yerle\u015ftirildi. \u015eu anda Ad\u0131geyde binbe\u015fy\u00fczden fazla geri d\u00f6n\u00fc\u015f\u00e7\u00fc ya\u015f\u0131yor, bunlar\u0131n yakla\u015f\u0131k 600\u2019\u00fc son iki y\u0131lda gelen Suriyeli geri d\u00f6n\u00fc\u015f\u00e7\u00fcler.<\/p>\n<p>Geri d\u00f6n\u00fc\u015f\u00e7\u00fclerin baz\u0131lar\u0131 evlerini in\u015fa etmeye ba\u015flad\u0131. Sponsorlar yard\u0131m\u0131yla Panahes k\u00f6y\u00fcnde 13 ev yap\u0131ld\u0131, Mafehablede de ev in\u015fas\u0131 i\u00e7in 89 hektar arsa ayr\u0131ld\u0131.<\/p>\n<p>Ad\u0131gey Ba\u015fkan\u0131 Aslan Thaku\u015finov ile yap\u0131lan g\u00f6r\u00fc\u015fmede Geri D\u00f6n\u00fc\u015f\u00e7\u00fcler Adaptasyon Evi sivil \u00f6rg\u00fct\u00fc Ba\u015fkan\u0131 Abdullah H\u0131zel \u2018 Bizlerle d\u00fczenli olarak g\u00f6r\u00fc\u015f\u00fcyor, konu\u015fuyorsunuz. \u00dclke y\u00f6netiminin bizi destekliyor olmas\u0131, problemlerimizle ilgileniyor ve \u00e7\u00f6z\u00fcm\u00fc i\u00e7in gayret ediyor olmas\u0131ndan \u00f6t\u00fcr\u00fc \u00e7ok memnunuz\u2019 dedi.<\/p>\n<p>Thaku\u015finov ile yap\u0131lan g\u00f6r\u00fc\u015fmede diasporadan d\u00f6nenlerin temsilcileri \u015fu anda \u00e7ok ciddi problemlerinin bulunmad\u0131\u011f\u0131n\u0131 ifade ettiler.<\/p>\n<p>Geri d\u00f6n\u00fc\u015f\u00e7\u00fclerin \u00e7ocuklar\u0131 anaokulllar\u0131na ve okullara yerle\u015ftirildi, 96 gen\u00e7 delikanl\u0131 ve k\u0131z y\u00fcksek e\u011fitim kurumlar\u0131nda, geri d\u00f6n\u00fc\u015f\u00e7\u00fclerin hemen hepsi de i\u015f buldu ve \u00e7al\u0131\u015f\u0131yor.<\/p>\n<p>Geri D\u00f6n\u00fc\u015f\u00e7\u00fcler G\u00fcn\u00fc takvimde 1998\u2019de Kosova\u2019dan Ad\u0131gelerin toplu olarak Ad\u0131gey\u2019e yerle\u015ftirilmelerinin ard\u0131ndan yer almaya ba\u015flad\u0131. Geri D\u00f6n\u00fc\u015f\u00e7\u00fcler G\u00fcn\u00fc her y\u0131l 1 A\u011fustosta kutlan\u0131yor.<\/p>\n","protected":false},"excerpt":{"rendered":"<p>Ad\u0131geyde Suriyeli \u00c7erkesler i\u00e7in arsa .\u00a0 Ad\u0131geyde Suriyeli \u00c7erkeslerin ev in\u015fa edebilmeleri i\u00e7in 89 hektarl\u0131k alan ayr\u0131ld\u0131. Geri D\u00f6n\u00fc\u015f\u00e7\u00fcler G\u00fcn\u00fc \u00f6ncesinde Ad\u0131gey ba\u015fkan\u0131 diasporadan geri d\u00f6n\u00fc\u015f yapan yurtta\u015flar, geri d\u00f6n\u00fc\u015f\u00e7\u00fclere anavatanlar\u0131nda adaptasyon konusunda yard\u0131mc\u0131 olan sivil \u00f6rg\u00fct liderleri ile bir araya geldi. K\u0131sa s\u00fcre \u00f6nce Suriye\u2019den geri d\u00f6n\u00fc\u015f yapm\u0131\u015f olan Ad\u0131gelerin \u00e7o\u011funlu\u011fu kendilerine ev verilen [&hellip;]<\/p>\n","protected":false},"author":3,"featured_media":0,"comment_status":"open","ping_status":"open","sticky":false,"template":"","format":"standard","meta":{"pmpro_default_level":"","footnotes":""},"categories":[5],"tags":[],"class_list":["post-720","post","type-post","status-publish","format-standard","hentry","category-news","pmpro-has-access"],"rttpg_featured_image_url":null,"rttpg_author":{"display_name":"Admin-D","author_link":"https:\/\/www.croworld.org\/ady\/author\/admin-d\/"},"rttpg_comment":0,"rttpg_category":"<a href=\"https:\/\/www.croworld.org\/ady\/category\/news\/\" rel=\"category tag\">News<\/a>","rttpg_excerpt":"Ad\u0131geyde Suriyeli \u00c7erkesler i\u00e7in arsa .\u00a0 Ad\u0131geyde Suriyeli \u00c7erkeslerin ev in\u015fa edebilmeleri i\u00e7in 89 hektarl\u0131k alan ayr\u0131ld\u0131. Geri D\u00f6n\u00fc\u015f\u00e7\u00fcler G\u00fcn\u00fc \u00f6ncesinde Ad\u0131gey ba\u015fkan\u0131 diasporadan geri d\u00f6n\u00fc\u015f yapan yurtta\u015flar, geri d\u00f6n\u00fc\u015f\u00e7\u00fclere anavatanlar\u0131nda adaptasyon konusunda yard\u0131mc\u0131 olan sivil \u00f6rg\u00fct liderleri ile bir araya geldi. K\u0131sa s\u00fcre \u00f6nce Suriye\u2019den geri d\u00f6n\u00fc\u015f yapm\u0131\u015f olan Ad\u0131gelerin \u00e7o\u011funlu\u011fu kendilerine ev verilen&hellip;","_links":{"self":[{"href":"https:\/\/www.croworld.org\/ady\/wp-json\/wp\/v2\/posts\/720","targetHints":{"allow":["GET"]}}],"collection":[{"href":"https:\/\/www.croworld.org\/ady\/wp-json\/wp\/v2\/posts"}],"about":[{"href":"https:\/\/www.croworld.org\/ady\/wp-json\/wp\/v2\/types\/post"}],"author":[{"embeddable":true,"href":"https:\/\/www.croworld.org\/ady\/wp-json\/wp\/v2\/users\/3"}],"replies":[{"embeddable":true,"href":"https:\/\/www.croworld.org\/ady\/wp-json\/wp\/v2\/comments?post=720"}],"version-history":[{"count":7,"href":"https:\/\/www.croworld.org\/ady\/wp-json\/wp\/v2\/posts\/720\/revisions"}],"predecessor-version":[{"id":1873,"href":"https:\/\/www.croworld.org\/ady\/wp-json\/wp\/v2\/posts\/720\/revisions\/1873"}],"wp:attachment":[{"href":"https:\/\/www.croworld.org\/ady\/wp-json\/wp\/v2\/media?parent=720"}],"wp:term":[{"taxonomy":"category","embeddable":true,"href":"https:\/\/www.croworld.org\/ady\/wp-json\/wp\/v2\/categories?post=720"},{"taxonomy":"post_tag","embeddable":true,"href":"https:\/\/www.croworld.org\/ady\/wp-json\/wp\/v2\/tags?post=720"}],"curies":[{"name":"wp","href":"https:\/\/api.w.org\/{rel}","templated":true}]}}