{"id":4572,"date":"2018-10-04T22:51:09","date_gmt":"2018-10-04T19:51:09","guid":{"rendered":"https:\/\/www.croworld.org\/?p=4572"},"modified":"2018-10-04T22:53:49","modified_gmt":"2018-10-04T19:53:49","slug":"birinci-uluslararasi-cerkes-konferansindan-notlar-ve-oneriler","status":"publish","type":"post","link":"https:\/\/www.croworld.org\/ady\/birinci-uluslararasi-cerkes-konferansindan-notlar-ve-oneriler\/","title":{"rendered":"Birinci Uluslararas\u0131 \u00c7erkes Konferans\u0131&#8217;ndan Notlar ve \u00d6neriler"},"content":{"rendered":"<h2 style=\"text-align: center;\">Birinci Uluslararas\u0131 \u00c7erkes Konferans\u0131&#8217;ndan Notlar ve \u00d6neriler<br \/>\nN\u00fcrnberg, Almanya<br \/>\n21 &amp; 22 Eyl\u00fcl, 2018<\/h2>\n<h5>Birinci Uluslararas\u0131 \u00c7erkes Konferans\u0131 21-22 Eyl\u00fcl 2018&#8217;de N\u00fcrnberg, Almanya Karl-Br\u00f6ger-Zentrum&#8217;da ger\u00e7ekle\u015fmi\u015ftir ve konferansa 14 \u00fclkeden yakla\u015f\u0131k 200 ki\u015fi kat\u0131lm\u0131\u015ft\u0131r. Konferans\u0131n program\u0131 35 bilimsel sunum ve farkl\u0131 e\u011flence programlar\u0131ndan olu\u015fmu\u015ftur. Bilimsel program a\u015fa\u011f\u0131daki ana konular\u0131 kapsam\u0131\u015ft\u0131r: 21. y\u00fczy\u0131l \u00c7erkeslerinin ma\u011fduriyetlerine son verecek \u00e7\u00f6z\u00fcmler, Avrupa Birli\u011fi&#8217;nin \u00c7erkes sorunlar\u0131n\u0131n uluslararas\u0131 d\u00fczeyde \u00e7\u00f6z\u00fclmesi do\u011frultusundaki rol\u00fc, anavatan ve diyasporada ya\u015fayan \u00c7erkeslerin gelece\u011fi, globalle\u015fmenin \u00c7erkes k\u00fclt\u00fcr\u00fc, gelene\u011fi ve sorunlar\u0131n\u0131n \u00fczerindeki etkisi ve \u00c7erkes dilini koruman\u0131n zorluklar\u0131.<\/h5>\n<h5>Konferans\u0131n ana hedeflerinden birisi \u00c7erkes aktivistler ve uzmanlar\u0131 biraraya getirip, politik ve ideolojik fikir ayr\u0131mlar\u0131n\u0131 bir kenara b\u0131rakarak diyalog kurmalar\u0131n\u0131 ve ortak \u00e7\u00f6z\u00fcm \u00fcretmelerini sa\u011flamakt\u0131. Bu hedef a\u015fa\u011f\u0131daki \u015fekillerde ger\u00e7ekle\u015ftirilebilir:<\/h5>\n<h5>&#8211; \u00c7erkes entellekt\u00fcelleri aras\u0131nda birlik ve beraberlik \u00e7abalar\u0131 sa\u011flayarak ileti\u015fim ba\u011f\u0131 kurmak<\/h5>\n<h5>&#8211; \u0130\u015fbirli\u011fi sa\u011flanabilecek alanlar\u0131 tespit edip anavatandaki bilimsel ve e\u011fitim kurumlar\u0131yla birle\u015fmek<\/h5>\n<h5>&#8211; \u00c7erkes uzmanlar\u0131n\u0131n deneyimlerinden yararlanarak uzman komiteler kurup toplant\u0131 ve konferanslardaki hedeflerin takip edilmesi<\/h5>\n<h5>&#8211; \u00c7erkes k\u00fclt\u00fcr\u00fcne ilgi duyanlar\u0131n tarih bilgilerini peki\u015ftirmeleri ve \u00e7ocuklar\u0131na \u00c7erkes \u00fcniversitelerinde, bilhassa be\u015feri bilimler \u00fczerine, e\u011fitim g\u00f6rmeleri i\u00e7in ilham vermeleri<\/h5>\n<h5>&#8211; T\u00fcm \u00c7erkes aktivistlerin ve kurumlar\u0131n ortak hedeflerini organize etmek ve birlikte \u00e7al\u0131\u015f\u0131p 8\u00e7\u00f6z\u00fcm bulmalar\u0131n\u0131 desteklemek ama\u00e7l\u0131 bir koalisyon kurmak<\/h5>\n<h5>&#8211; \u00c7erkes sorunlar\u0131na ilgi duyan insanlar\u0131n kooperasyonunu \u00f6nleyen engelleri kald\u0131rmak ve t\u00fcm insanlarin deneyimlerinden yararlanmak<\/h5>\n<h5><\/h5>\n<h5>Birinci Uluslararas\u0131 \u00c7erkes Konferans\u0131 Genel Kurulu Rus Devleti&#8217;nden Kuzey Kafkasya d\u0131\u015f\u0131nda ya\u015fayan t\u00fcm \u00c7erkeslerin eve d\u00f6n\u00fc\u015f haklar\u0131n\u0131 tan\u0131mas\u0131n\u0131 talep etmektedir. \u00c7erkeslerin anavatanlar\u0131na d\u00f6nmeleri beraberinde ekonomik ve k\u00fclt\u00fcrel \u00e7e\u015fitlilik getirip Rusya Federasyonu&#8217;nun ekonomisini daha da kalk\u0131nd\u0131racakt\u0131r. Biz inaniyoruz ki, Rus Devleti&#8217;nin \u00c7erkeslerin anavatana d\u00f6n\u00fc\u015f\u00fc ad\u0131na att\u0131\u011f\u0131 her ad\u0131m hem Rusya Federasyonu hem de \u00c7erkeslerin lehine olacakt\u0131r. Bu sebepten, Rus Devleti&#8217;nin onurlu g\u00f6revini yerine getirip \u00c7erkeslerin Kuzey Kafkasya anavatan\u0131na d\u00f6nme haklar\u0131n\u0131 tan\u0131mas\u0131 i\u00e7in do\u011fru bir zamand\u0131r.<\/h5>\n<h5>Birinci Uluslararas\u0131 \u00c7erkes Konferans\u0131 Genel Kurulu Kabartay-Balkar Cumhuriyeti&#8217;nde 18-19 Eylul, 2018 tarihinde ya\u015fanan, onlarca insan\u0131n yaralan\u0131p bir\u00e7ok insan\u0131n tutuklanmas\u0131yla sonu\u00e7lanan talihsiz olay\u0131 k\u0131namaktad\u0131r. Genel Kurul t\u00fcm taraflar\u0131n b\u00f6lgedeki hassasiyeti g\u00f6z \u00f6n\u00fcnde bulundurup aralar\u0131nda anla\u015fmazl\u0131klara yol a\u00e7acak komplolardan uzak durmalar\u0131n\u0131 \u00f6nermektedir. Bununla birlikte, Genel Kurul b\u00f6lgedeki istikrar\u0131 bozacak t\u00fcm giri\u015fimlere kar\u015f\u0131 tedbirli olmay\u0131 \u00f6nermektedir.<\/h5>\n<h5><\/h5>\n<h5>\u0130kinci Uluslararas\u0131 \u00c7erkes Konferans\u0131 \u00fczerine a\u015fa\u011f\u0131aki kararlar al\u0131nm\u0131\u015ft\u0131rr:<\/h5>\n<h5>&#8211; \u0130kinci Konferans \u00f6n\u00fcm\u00fczdeki sene (2019) yap\u0131lacakt\u0131r.<\/h5>\n<h5>&#8211; Konferans Avrupa&#8217;da ger\u00e7ekle\u015ftirilecektir. Yer ve tarih en yak\u0131n zamanda ke\u015finlestirilip duyurulacakt\u0131r.<\/h5>\n<h5>&#8211; Konferans\u0131n ana dili \u00c7erkes\u00e7e olacakt\u0131r; ancak kat\u0131l\u0131mc\u0131lar istedikleri dilde sunum yapabileceklerdir. T\u00fcm sunumlar i\u00e7in \u00c7erkes\u00e7e veya \u0130ngilizce simultane \u00e7eviri sa\u011flanacakt\u0131r.<\/h5>\n<h5>&#8211; \u00c7erkes, uluslararas\u0131 ve yerel bas\u0131n kurulu\u015flar\u0131 ilerideki konferanslara davet edilmelidir.<\/h5>\n<h5>&#8211; \u0130kinci Konferans i\u00e7in Organizasyon Komitesi ve Bilimsel Komite kurulmal\u0131d\u0131. Komite \u00fcyeleri konferans konumu kesinle\u015ftirilince anons edilecektir.<\/h5>\n<h5><\/h5>\n<h5>Birinci Uluslararas\u0131 \u00c7erkes Konferans\u0131 Genel Kurulu a\u015fa\u011f\u0131daki \u00f6nerileri sunmaktad\u0131r:<\/h5>\n<h5>&#8211; \u0130lgili \u00fclkelerde ba\u011f\u0131\u015f toplanmas\u0131ndaki yasal zorluklar\u0131 ele alan bir uluslararas\u0131 ba\u011f\u0131\u015f ayg\u0131t\u0131 kurmak. Organizasyon ve ba\u011f\u0131\u015f yapanlar\u0131n yasal g\u00fcvenli\u011fini korumak finans dan\u0131\u015fmanlar\u0131 i\u00e7in y\u00fcksek \u00f6nem ta\u015f\u0131maktad\u0131r ve bu hedef ancak uzmanlar aras\u0131nda sofistike kooperasyon ile sa\u011flanabilecektir. Belirtmek isteriz ki, CRO ba\u011f\u0131\u015f ve \u00fcyelik kabul edebilen yasal bir kurulu\u015ftur.<\/h5>\n<h5>&#8211; Camia genelinde maddi destekte bulunma konseptini normalle\u015ftirme ad\u0131na pazarlama stratejileri uygulayarak \u00c7erkesler aras\u0131nda ba\u011f\u0131\u015f k\u00fclt\u00fcr\u00fcn\u00fc te\u015fvik etmek<\/h5>\n<h5>&#8211; Uygun baglant\u0131lar\u0131 ve imkanlar\u0131 kullanarak gen\u00e7 jenerasyona eri\u015fmek ve onlar\u0131m ihtiya\u00e7lar\u0131n\u0131 temin edebilmek<\/h5>\n<h5>&#8211; \u00c7erkes organizasyonlar\u0131 ve gen\u00e7ler aras\u0131nda kar\u015f\u0131l\u0131kl\u0131 birliktelik kurmak organizasyona pozitif toplaml\u0131 katk\u0131 sa\u011flayacakt\u0131r.<\/h5>\n<h5>&#8211; Kalifiye adaylara i\u015f imkan\u0131 sa\u011flamak ve \u00c7erkes organizasyonlar\u0131na daha stabil bir mali durum sa\u011flayabilmek i\u00e7in yeni giri\u015fim ve yat\u0131r\u0131mlara sponsor olmak<\/h5>\n<h5>&#8211; Kaynak insanlar ve kurulu\u015flar, e-k\u00fct\u00fcphane, haber kaynaklar\u0131, dil dersleri ve \u00c7erkesleri ilgilendiren t\u00fcm konular\u0131 kapsayan g\u00fcvenilir, tarafs\u0131z ve \u00e7ok dilli bir dijital bilgi platformu kurmak. Bu platform var olan platformlara, \u00f6rne\u011fin YouTube ve di\u011fer sosyal medya kurulu\u015flar\u0131na ve en \u00f6nemlisi \u00c7erkes sitelerine ba\u011flanmal\u0131d\u0131r. Ana tema t\u00fcm insanlar ve k\u00fclt\u00fcrlere sayg\u0131 duymak olmal\u0131d\u0131r.<\/h5>\n<h5>&#8211; T\u00fcm evraklar, kitaplar, belgeseller ve filmler, \u015fark\u0131lar, ve alakal\u0131 di\u011fer \u00c7erkes \u00e7al\u0131smalar\u0131n\u0131 bir araya getiren bir \u00c7erkes dijital k\u00fct\u00fcphanesi kurmak ve bu \u00e7al\u0131\u015fmalar\u0131 yay\u0131n haklar\u0131n\u0131 ilhal etmeden halka a\u00e7\u0131k ve ula\u015f\u0131labilir k\u0131lmak.<\/h5>\n<h5>&#8211; \u00c7erkes dilini \u00f6\u011frenen insanlar\u0131n hikayelerinin payla\u015f\u0131lmas\u0131n\u0131 desteklemek. Bu hikayeler genel halk\u0131n \u00c7erkes dilini \u00f6\u011frenmesi i\u00e7in motivasyon kayna\u011f\u0131 olarak kullan\u0131labilir.<\/h5>\n<h5>&#8211; Birinci Uluslararas\u0131 \u00c7erkes Konferans\u0131&#8217;na kat\u0131lanlar aras\u0131nda ileti\u015fim sa\u011flamak, fikir payla\u015fmak, daha g\u00fc\u00e7l\u00fc bir a\u011f kurmak ve \u00c7erkes aktivistler ve ilgili ki\u015fileri davet edebilmek i\u00e7in bir online platform kurmak. Bu platformda resmi dil olarak \u00c7erkes dilinin kullan\u0131lmas\u0131 \u015fiddetle tavsiye edilir.<\/h5>\n<h5><\/h5>\n<p>&nbsp;<\/p>\n","protected":false},"excerpt":{"rendered":"<p>Birinci Uluslararas\u0131 \u00c7erkes Konferans\u0131&#8217;ndan Notlar ve \u00d6neriler N\u00fcrnberg, Almanya 21 &amp; 22 Eyl\u00fcl, 2018 Birinci Uluslararas\u0131 \u00c7erkes Konferans\u0131 21-22 Eyl\u00fcl 2018&#8217;de N\u00fcrnberg, Almanya Karl-Br\u00f6ger-Zentrum&#8217;da ger\u00e7ekle\u015fmi\u015ftir ve konferansa 14 \u00fclkeden yakla\u015f\u0131k 200 ki\u015fi kat\u0131lm\u0131\u015ft\u0131r. Konferans\u0131n program\u0131 35 bilimsel sunum ve farkl\u0131 e\u011flence programlar\u0131ndan olu\u015fmu\u015ftur. Bilimsel program a\u015fa\u011f\u0131daki ana konular\u0131 kapsam\u0131\u015ft\u0131r: 21. y\u00fczy\u0131l \u00c7erkeslerinin ma\u011fduriyetlerine son verecek [&hellip;]<\/p>\n","protected":false},"author":3,"featured_media":4525,"comment_status":"closed","ping_status":"open","sticky":false,"template":"","format":"standard","meta":{"pmpro_default_level":"","footnotes":""},"categories":[3,5],"tags":[],"class_list":["post-4572","post","type-post","status-publish","format-standard","has-post-thumbnail","hentry","category-events","category-news","pmpro-has-access"],"rttpg_featured_image_url":{"full":["https:\/\/www.croworld.org\/wp-content\/uploads\/2018\/10\/the-first-Circassian-international-Conference-e1538494700491.png",150,150,false],"landscape":["https:\/\/www.croworld.org\/wp-content\/uploads\/2018\/10\/the-first-Circassian-international-Conference-e1538494700491.png",150,150,false],"portraits":["https:\/\/www.croworld.org\/wp-content\/uploads\/2018\/10\/the-first-Circassian-international-Conference-e1538494700491.png",150,150,false],"thumbnail":["https:\/\/www.croworld.org\/wp-content\/uploads\/2018\/10\/the-first-Circassian-international-Conference-150x150.png",150,150,true],"medium":["https:\/\/www.croworld.org\/wp-content\/uploads\/2018\/10\/the-first-Circassian-international-Conference-300x300.png",300,300,true],"large":["https:\/\/www.croworld.org\/wp-content\/uploads\/2018\/10\/the-first-Circassian-international-Conference-1024x1024.png",1024,1024,true],"1536x1536":["https:\/\/www.croworld.org\/wp-content\/uploads\/2018\/10\/the-first-Circassian-international-Conference-e1538494700491.png",150,150,false],"2048x2048":["https:\/\/www.croworld.org\/wp-content\/uploads\/2018\/10\/the-first-Circassian-international-Conference-e1538494700491.png",150,150,false]},"rttpg_author":{"display_name":"Admin-D","author_link":"https:\/\/www.croworld.org\/ady\/author\/admin-d\/"},"rttpg_comment":0,"rttpg_category":"<a href=\"https:\/\/www.croworld.org\/ady\/category\/events\/\" rel=\"category tag\">events<\/a> <a href=\"https:\/\/www.croworld.org\/ady\/category\/news\/\" rel=\"category tag\">News<\/a>","rttpg_excerpt":"Birinci Uluslararas\u0131 \u00c7erkes Konferans\u0131&#8217;ndan Notlar ve \u00d6neriler N\u00fcrnberg, Almanya 21 &amp; 22 Eyl\u00fcl, 2018 Birinci Uluslararas\u0131 \u00c7erkes Konferans\u0131 21-22 Eyl\u00fcl 2018&#8217;de N\u00fcrnberg, Almanya Karl-Br\u00f6ger-Zentrum&#8217;da ger\u00e7ekle\u015fmi\u015ftir ve konferansa 14 \u00fclkeden yakla\u015f\u0131k 200 ki\u015fi kat\u0131lm\u0131\u015ft\u0131r. Konferans\u0131n program\u0131 35 bilimsel sunum ve farkl\u0131 e\u011flence programlar\u0131ndan olu\u015fmu\u015ftur. Bilimsel program a\u015fa\u011f\u0131daki ana konular\u0131 kapsam\u0131\u015ft\u0131r: 21. y\u00fczy\u0131l \u00c7erkeslerinin ma\u011fduriyetlerine son verecek&hellip;","_links":{"self":[{"href":"https:\/\/www.croworld.org\/ady\/wp-json\/wp\/v2\/posts\/4572","targetHints":{"allow":["GET"]}}],"collection":[{"href":"https:\/\/www.croworld.org\/ady\/wp-json\/wp\/v2\/posts"}],"about":[{"href":"https:\/\/www.croworld.org\/ady\/wp-json\/wp\/v2\/types\/post"}],"author":[{"embeddable":true,"href":"https:\/\/www.croworld.org\/ady\/wp-json\/wp\/v2\/users\/3"}],"replies":[{"embeddable":true,"href":"https:\/\/www.croworld.org\/ady\/wp-json\/wp\/v2\/comments?post=4572"}],"version-history":[{"count":3,"href":"https:\/\/www.croworld.org\/ady\/wp-json\/wp\/v2\/posts\/4572\/revisions"}],"predecessor-version":[{"id":4575,"href":"https:\/\/www.croworld.org\/ady\/wp-json\/wp\/v2\/posts\/4572\/revisions\/4575"}],"wp:featuredmedia":[{"embeddable":true,"href":"https:\/\/www.croworld.org\/ady\/wp-json\/wp\/v2\/media\/4525"}],"wp:attachment":[{"href":"https:\/\/www.croworld.org\/ady\/wp-json\/wp\/v2\/media?parent=4572"}],"wp:term":[{"taxonomy":"category","embeddable":true,"href":"https:\/\/www.croworld.org\/ady\/wp-json\/wp\/v2\/categories?post=4572"},{"taxonomy":"post_tag","embeddable":true,"href":"https:\/\/www.croworld.org\/ady\/wp-json\/wp\/v2\/tags?post=4572"}],"curies":[{"name":"wp","href":"https:\/\/api.w.org\/{rel}","templated":true}]}}