{"id":2739,"date":"2016-03-17T19:40:03","date_gmt":"2016-03-17T17:40:03","guid":{"rendered":"http:\/\/circassianrepatriation.com\/?p=2739"},"modified":"2016-03-17T19:40:03","modified_gmt":"2016-03-17T17:40:03","slug":"cerkes-avrupa-kulturel-forumuna2016","status":"publish","type":"post","link":"https:\/\/www.croworld.org\/ady\/cerkes-avrupa-kulturel-forumuna2016\/","title":{"rendered":"\u00c7erkes Avrupa K\u00fclt\u00fcrel Forumuna2016"},"content":{"rendered":"<p>\u00c7erkeslerin Vatana D\u00f6n\u00fc\u015f Derne\u011fi (\u00c7VDD) 25-27 Mart 2016\u2019da \u00c7erkes Alman derne\u011fi taraf\u0131ndan M\u00fcnih\u2019te ger\u00e7ekle\u015ftirilecek olan Geleneksel \u00c7erkes Avrupa K\u00fclt\u00fcrel Forumuna katilacak olmaktan onur duyar.<br \/>\n\u00c7VDD ba\u015fkan\u0131 ve bir y\u00f6netim kurulu \u00fcyesi bu etkinli\u011fe kat\u0131lacak. Almanya ve Avrupa genelinde ya\u015fayan \u00c7erkes toplumuna \u00c7VDD\u2019nin tan\u0131t\u0131m\u0131 yapilacak, organizasyonun vizyonu anlat\u0131lacak ve Avrupadaki \u00c7erkes aktivistlerle nas\u0131l bir arada \u00e7al\u0131\u015f\u0131labilir bunun tart\u0131\u015fmas\u0131 yap\u0131lacak.<br \/>\n\u00c7VDD\u2019nin ana hedefi \u00c7erkesleri kar\u015f\u0131la\u015ft\u0131klar\u0131 zorluklara kar\u015f\u0131 korumak ve desteklemek ve \u00f6zellikle anavatan Kuzey Kafkasya\u2019ya d\u00f6necek olanlara yard\u0131mc\u0131 olmak. Ayr\u0131ca \u00c7VDD \u00c7erkeslerin g\u00fcnl\u00fck kar\u015f\u0131la\u015ft\u0131klar\u0131 ekonomik zorluklara kar\u015f\u0131 lokal ve uluslar aras\u0131 kurumlarla \u00e7al\u0131\u015fmaya haz\u0131r bir kurulu\u015ftur.<br \/>\nNazik davetiniz i\u00e7in \u015f\u00fckran ve te\u015fekk\u00fcrlerimizi sunmam\u0131za izin verin. \u0130nan\u0131yoruz ki bu etkinli\u011fe kat\u0131l\u0131m\u0131m\u0131z size meyve verecek bir sonuca ula\u015fabilece\u011fimizi sunmam\u0131z\u0131 sa\u011flayaca<\/p>\n","protected":false},"excerpt":{"rendered":"<p>\u00c7erkeslerin Vatana D\u00f6n\u00fc\u015f Derne\u011fi (\u00c7VDD) 25-27 Mart 2016\u2019da \u00c7erkes Alman derne\u011fi taraf\u0131ndan M\u00fcnih\u2019te ger\u00e7ekle\u015ftirilecek olan Geleneksel \u00c7erkes Avrupa K\u00fclt\u00fcrel Forumuna katilacak olmaktan onur duyar. \u00c7VDD ba\u015fkan\u0131 ve bir y\u00f6netim kurulu \u00fcyesi bu etkinli\u011fe kat\u0131lacak. Almanya ve Avrupa genelinde ya\u015fayan \u00c7erkes toplumuna \u00c7VDD\u2019nin tan\u0131t\u0131m\u0131 yapilacak, organizasyonun vizyonu anlat\u0131lacak ve Avrupadaki \u00c7erkes aktivistlerle nas\u0131l bir arada \u00e7al\u0131\u015f\u0131labilir [&hellip;]<\/p>\n","protected":false},"author":3,"featured_media":2724,"comment_status":"closed","ping_status":"open","sticky":false,"template":"","format":"standard","meta":{"pmpro_default_level":"","footnotes":""},"categories":[5],"tags":[],"class_list":["post-2739","post","type-post","status-publish","format-standard","has-post-thumbnail","hentry","category-news","pmpro-has-access"],"rttpg_featured_image_url":{"full":["https:\/\/www.croworld.org\/wp-content\/uploads\/2016\/03\/12805935_1272633676096633_7111755910185612170_n.jpg",480,280,false],"landscape":["https:\/\/www.croworld.org\/wp-content\/uploads\/2016\/03\/12805935_1272633676096633_7111755910185612170_n.jpg",480,280,false],"portraits":["https:\/\/www.croworld.org\/wp-content\/uploads\/2016\/03\/12805935_1272633676096633_7111755910185612170_n.jpg",480,280,false],"thumbnail":["https:\/\/www.croworld.org\/wp-content\/uploads\/2016\/03\/12805935_1272633676096633_7111755910185612170_n-150x150.jpg",150,150,true],"medium":["https:\/\/www.croworld.org\/wp-content\/uploads\/2016\/03\/12805935_1272633676096633_7111755910185612170_n-300x175.jpg",300,175,true],"large":["https:\/\/www.croworld.org\/wp-content\/uploads\/2016\/03\/12805935_1272633676096633_7111755910185612170_n.jpg",480,280,false],"1536x1536":["https:\/\/www.croworld.org\/wp-content\/uploads\/2016\/03\/12805935_1272633676096633_7111755910185612170_n.jpg",480,280,false],"2048x2048":["https:\/\/www.croworld.org\/wp-content\/uploads\/2016\/03\/12805935_1272633676096633_7111755910185612170_n.jpg",480,280,false]},"rttpg_author":{"display_name":"Admin-D","author_link":"https:\/\/www.croworld.org\/ady\/author\/admin-d\/"},"rttpg_comment":0,"rttpg_category":"<a href=\"https:\/\/www.croworld.org\/ady\/category\/news\/\" rel=\"category tag\">News<\/a>","rttpg_excerpt":"\u00c7erkeslerin Vatana D\u00f6n\u00fc\u015f Derne\u011fi (\u00c7VDD) 25-27 Mart 2016\u2019da \u00c7erkes Alman derne\u011fi taraf\u0131ndan M\u00fcnih\u2019te ger\u00e7ekle\u015ftirilecek olan Geleneksel \u00c7erkes Avrupa K\u00fclt\u00fcrel Forumuna katilacak olmaktan onur duyar. \u00c7VDD ba\u015fkan\u0131 ve bir y\u00f6netim kurulu \u00fcyesi bu etkinli\u011fe kat\u0131lacak. Almanya ve Avrupa genelinde ya\u015fayan \u00c7erkes toplumuna \u00c7VDD\u2019nin tan\u0131t\u0131m\u0131 yapilacak, organizasyonun vizyonu anlat\u0131lacak ve Avrupadaki \u00c7erkes aktivistlerle nas\u0131l bir arada \u00e7al\u0131\u015f\u0131labilir&hellip;","_links":{"self":[{"href":"https:\/\/www.croworld.org\/ady\/wp-json\/wp\/v2\/posts\/2739","targetHints":{"allow":["GET"]}}],"collection":[{"href":"https:\/\/www.croworld.org\/ady\/wp-json\/wp\/v2\/posts"}],"about":[{"href":"https:\/\/www.croworld.org\/ady\/wp-json\/wp\/v2\/types\/post"}],"author":[{"embeddable":true,"href":"https:\/\/www.croworld.org\/ady\/wp-json\/wp\/v2\/users\/3"}],"replies":[{"embeddable":true,"href":"https:\/\/www.croworld.org\/ady\/wp-json\/wp\/v2\/comments?post=2739"}],"version-history":[{"count":1,"href":"https:\/\/www.croworld.org\/ady\/wp-json\/wp\/v2\/posts\/2739\/revisions"}],"predecessor-version":[{"id":2740,"href":"https:\/\/www.croworld.org\/ady\/wp-json\/wp\/v2\/posts\/2739\/revisions\/2740"}],"wp:featuredmedia":[{"embeddable":true,"href":"https:\/\/www.croworld.org\/ady\/wp-json\/wp\/v2\/media\/2724"}],"wp:attachment":[{"href":"https:\/\/www.croworld.org\/ady\/wp-json\/wp\/v2\/media?parent=2739"}],"wp:term":[{"taxonomy":"category","embeddable":true,"href":"https:\/\/www.croworld.org\/ady\/wp-json\/wp\/v2\/categories?post=2739"},{"taxonomy":"post_tag","embeddable":true,"href":"https:\/\/www.croworld.org\/ady\/wp-json\/wp\/v2\/tags?post=2739"}],"curies":[{"name":"wp","href":"https:\/\/api.w.org\/{rel}","templated":true}]}}