{"id":2366,"date":"2015-04-15T07:49:45","date_gmt":"2015-04-15T04:49:45","guid":{"rendered":"http:\/\/circassianrepatriation.com\/?p=2366"},"modified":"2015-04-15T08:08:09","modified_gmt":"2015-04-15T05:08:09","slug":"21-mayista-anavatan-bizi-cagiriyor","status":"publish","type":"post","link":"https:\/\/www.croworld.org\/ady\/21-mayista-anavatan-bizi-cagiriyor\/","title":{"rendered":"21 May\u0131s&#8217;ta Anavatan Bizi \u00c7a\u011f\u0131r\u0131yor"},"content":{"rendered":"<p>18 &#8211; 24 MAYIS 2015<br \/>\nANAVATAN&#8217;DA 21 MAYIS ANMA ETK\u0130NL\u0130KLER\u0130 PROGRAMI<\/p>\n<p>Otob\u00fcs ile program:<br \/>\n18 May\u0131s Pazartesi : \u0130stanbul &#8211; Ankara &#8211; Antalya &#8211; Adana \u2013 Kayseri\u2019den otob\u00fcslerle hareket.<br \/>\n19 May\u0131s Sal\u0131 : Samsun\u2019da bulu\u015fma ve konvoy olu\u015fturma.<br \/>\n20 May\u0131s \u00c7ar\u015famba: Nal\u00e7ik var\u0131\u015f, Sanatoryumlara yerle\u015fme.<br \/>\n21 May\u0131s Per\u015fembe : 21 May\u0131s Anma Nal\u00e7ik etkinliklerine kat\u0131l\u0131m<br \/>\n21 May\u0131s Ak\u015fam\u0131 Maykop\u2019a hareket ve Maykop\u2019 ta konaklama<br \/>\n22 May\u0131s Cuma : 22 May\u0131s ak\u015fam\u0131 \u00c7erkesk&#8217;e hareket ve konaklama<br \/>\n23 May\u0131s Cumartesi : T\u00fcrkiye\u2019ye geri d\u00f6n\u00fc\u015f i\u00e7in hareket.<br \/>\n24 May\u0131s Pazar : T\u00fcrkiye\u2019ye var\u0131\u015f.<\/p>\n<p>Programa Dahil olan Hizmetler<br \/>\n&#8211; Gidi\u015f-D\u00f6n\u00fc\u015f Ula\u015f\u0131m<br \/>\n&#8211; Konaklama ve sabah kahvalt\u0131s\u0131<br \/>\n&#8211; Etkinliklere kat\u0131l\u0131m<\/p>\n<p>Programa Dahil Olmayan Hizmetler<br \/>\n&#8211; \u00d6\u011fle ve ak\u015fam yemekleri<br \/>\n&#8211; Yurt d\u0131\u015f\u0131 \u00e7\u0131k\u0131\u015f harc\u0131<\/p>\n<p>Otob\u00fcs program\u0131na kat\u0131lmak isteyenlerin 1 May\u0131s 2015 tarihine kadar a\u015fa\u011f\u0131daki hesap numaras\u0131na tur bedelini yat\u0131rmas\u0131 ve\u00a0 info@kaffed.org adresine,\u00a0 isim-soyisim, otob\u00fcse nereden binecekleri ve ileti\u015fim bilgilerini i\u00e7eren mail g\u00f6ndermeleri veya 0 312 222 85 89 numaral\u0131 telefona bildirmeleri, rica olunur.<\/p>\n<p>Gidi\u015f-D\u00f6n\u00fc\u015f Bedeli: Ula\u015f\u0131m ve konaklama bedeli 700 TL olacakt\u0131r.<\/p>\n<p>Ayr\u0131nt\u0131l\u0131 Bilgi i\u00e7in:<br \/>\nRecami Bursa: 0532 225 73 95<\/p>\n<p>HESAP B\u0130LG\u0130LER\u0130<br \/>\nBet\u00fcl Din\u00e7er-Filiz Kaplan Ortak Hesab\u0131:<br \/>\nGaranti Bankas\u0131 \/ Emek \u015eubesi<br \/>\nHesap No: 778\/6668977<br \/>\nIBAN: TR70 0006 2000 7780 0006 6689 77 &#8211;\u00a0 Cinsi: TL<\/p>\n<p>Not: Program detaylar\u0131 daha sonra kat\u0131l\u0131mc\u0131lar ile payla\u015f\u0131lacakt\u0131r.<\/p>\n<p>Not: Kat\u0131l\u0131mc\u0131lar\u0131n pasaportlar\u0131n\u0131n ge\u00e7erlilik s\u00fcresi en az 6 (alt\u0131) ay olmal\u0131d\u0131r.<\/p>\n<p><a href=\"http:\/\/www.kaffed.org\/haberler\/federasyondan\/item\/2586-21-may%C4%B1s-ta-anavatan-bizi-%C3%A7a%C4%9F%C4%B1r%C4%B1yor.html?hc_location=ufi\">http:\/\/www.kaffed.org\/haberler\/federasyondan\/item\/2586-21-may%C4%B1s-ta-anavatan-bizi-%C3%A7a%C4%9F%C4%B1r%C4%B1yor.html?hc_location=ufi<\/a><br \/>\n21 May\u0131s 2015. \u00c7erkes Soyk\u0131r\u0131m\u0131 ve S\u00fcrg\u00fcn\u00fc&#8217;n\u00fcn 151. Y\u0131l\u0131<br \/>\n151. Y\u0131lda Karadeniz&#8217;in \u0130ki Yaka&#8217;s\u0131nday\u0131z<br \/>\nAdalet i\u00e7in, K\u00fclt\u00fcr\u00fcm\u00fcz i\u00e7in, Vatan\u0131m\u0131z i\u00e7in&#8230;<\/p>\n<p>16 May\u0131s Kefken &#8211; 21 May\u0131s Anavatan<\/p>\n<p>Kafkas Dernekleri Federasyonu (Kaffed)<\/p>\n<p><a href=\"https:\/\/vimeo.com\/124916057?hc_location=ufi\">https:\/\/vimeo.com\/124916057?hc_location=ufi<\/a><\/p>\n<p>&nbsp;<\/p>\n<p>21 MAYIS&#8217;TA \u00c7ERKESYA&#8217;DAYIZ!<br \/>\nBiz, bu sene, 21 May\u0131s&#8217;ta, Kefken&#8217;de, Kartal&#8217;da&#8230; herhangi bir konsolosluk \u00f6n\u00fcnde de\u011fil; Nal\u00e7\u0131k&#8217;ta, Maykop&#8217;ta, \u00c7erkessk&#8217;te veya So\u00e7i&#8217;de, ama mutlaka vatan \u00c7erkesya&#8217;day\u0131z.<br \/>\nSoyk\u0131r\u0131m\u0131 ve S\u00fcrg\u00fcn\u00fc vatanda, atalar\u0131m\u0131zla ve vatanseverlerimizle birlikte anmaya, ge\u00e7mi\u015fle gelecek aras\u0131nda k\u00f6pr\u00fc olmaya gidiyoruz.<\/p>\n<p>\u0416\u044a\u043e\u043d\u044b\u0433\u044a\u0443\u0430\u043aI\u044d\u043c \u0438 21-\u0440\u044d\u043c \u0410\u0434\u044b\u0433\u044d \u0445\u044d\u043a\u0443\u043c-\u0427\u0435\u0440\u043a\u0435\u0441\u0438\u0435\u043c \u0442\u044b\u0449\u044bI\u044d\u0449\u0442.<\/p>\n<p>\u041c\u044b \u0438\u043b\u044a\u044d\u0441\u044b\u043c \u0436\u044a\u043e\u043d\u044b\u0433\u044a\u0443\u0430\u043aI\u044d\u043c \u0438 21-\u0440\u044d\u043c \u0434\u0436\u044b\u0440\u044d \u043d\u044d\u0441 \u0448\u044d\u043d \u0437\u044d\u0440\u044d\u0442\u0444\u044d\u0445\u044a\u0443\u0433\u044a\u044d\u0443 \u041a\u0435\u0444\u043a\u0435\u043d, \u041a\u0430\u0440\u0442\u0430\u043b \u0435 \u0423\u0440\u044b\u0441\u0438\u0435 \u0424\u0435\u0434\u0435\u0440\u0430\u0446\u0438\u0435\u043c \u0438\u0443\u043d\u044d \u043f\u0447\u044a\u044dI\u0443\u0433\u043e\u0440\u044d\u043c \u0442\u044b\u043c\u044b\u043aI\u043e\u0443 \u0410\u0434\u044b\u0433\u044d \u0445\u044d\u043a\u0443\u043c,\u041d\u0430\u043b\u0449\u044b\u043a,\u0429\u0435\u0440\u0434\u0436\u044d\u0441 \u043a\u044a\u0430\u043b\u044d, \u041c\u044b\u0435\u043a\u044a\u0443\u0430\u043f\u044d, \u0428\u044a\u0430\u0447\u044d \u0442\u044b\u0449\u044bI\u044d\u043d\u044d\u0443 \u0442\u0435\u0442\u044b\u0443\u0431\u044b\u0442\u0430\u0433\u044a. \u041b\u044a\u044d\u043f\u043a\u044a\u0433\u044a\u044d\u043aI\u043e\u0434 \u0437\u0430\u043e\u043c\u0440\u044d \u043f\u0441\u044b\u0438\u043aI\u044b\u0436\u044c\u044b\u043c\u0440\u044d \u0442\u0438\u0445\u044d\u043a\u0443\u043f\u0441\u044d\u0445\u044d\u043c \u0442\u044b\u0440\u044f\u0433\u044a\u0443\u0441\u044d\u0443 \u0442\u044b\u0433\u0443 \u043a\u044a\u044d\u0434\u0433\u044a\u044d\u043aI\u044b\u0436\u044c\u044b\u043d\u044d\u0443, \u0442\u0438\u0431\u043b\u044d\u043aI\u044b\u0433\u044a\u044d\u043c\u0440\u044d \u0442\u0438\u043d\u0435\u0443\u0448\u044a\u0440\u044d \u0437\u044d\u0437\u044b\u043f\u0445\u044b\u0449\u0442 \u043b\u044a\u044d\u043c\u044b\u0434\u0436 \u0442\u044b\u0445\u044a\u0443\u043d\u044d\u0443 \u0442\u0438\u0447I\u044b\u0433\u0443\u0436\u044c \u0442\u044b\u043aI\u043e\u0449\u0442<\/p>\n<p><iframe loading=\"lazy\" src=\"https:\/\/www.youtube.com\/embed\/E6H_-XBzHY4\" width=\"420\" height=\"315\" frameborder=\"0\" allowfullscreen=\"allowfullscreen\"><\/iframe><\/p>\n<p>&nbsp;<\/p>\n","protected":false},"excerpt":{"rendered":"<p>18 &#8211; 24 MAYIS 2015 ANAVATAN&#8217;DA 21 MAYIS ANMA ETK\u0130NL\u0130KLER\u0130 PROGRAMI Otob\u00fcs ile program: 18 May\u0131s Pazartesi : \u0130stanbul &#8211; Ankara &#8211; Antalya &#8211; Adana \u2013 Kayseri\u2019den otob\u00fcslerle hareket. 19 May\u0131s Sal\u0131 : Samsun\u2019da bulu\u015fma ve konvoy olu\u015fturma. 20 May\u0131s \u00c7ar\u015famba: Nal\u00e7ik var\u0131\u015f, Sanatoryumlara yerle\u015fme. 21 May\u0131s Per\u015fembe : 21 May\u0131s Anma Nal\u00e7ik etkinliklerine kat\u0131l\u0131m [&hellip;]<\/p>\n","protected":false},"author":3,"featured_media":2367,"comment_status":"closed","ping_status":"open","sticky":false,"template":"","format":"standard","meta":{"pmpro_default_level":"","footnotes":""},"categories":[5],"tags":[],"class_list":["post-2366","post","type-post","status-publish","format-standard","has-post-thumbnail","hentry","category-news","pmpro-has-access"],"rttpg_featured_image_url":{"full":["https:\/\/www.croworld.org\/wp-content\/uploads\/2015\/04\/kaffed.jpg",640,896,false],"landscape":["https:\/\/www.croworld.org\/wp-content\/uploads\/2015\/04\/kaffed.jpg",640,896,false],"portraits":["https:\/\/www.croworld.org\/wp-content\/uploads\/2015\/04\/kaffed.jpg",640,896,false],"thumbnail":["https:\/\/www.croworld.org\/wp-content\/uploads\/2015\/04\/kaffed-150x150.jpg",150,150,true],"medium":["https:\/\/www.croworld.org\/wp-content\/uploads\/2015\/04\/kaffed-214x300.jpg",214,300,true],"large":["https:\/\/www.croworld.org\/wp-content\/uploads\/2015\/04\/kaffed.jpg",640,896,false],"1536x1536":["https:\/\/www.croworld.org\/wp-content\/uploads\/2015\/04\/kaffed.jpg",640,896,false],"2048x2048":["https:\/\/www.croworld.org\/wp-content\/uploads\/2015\/04\/kaffed.jpg",640,896,false]},"rttpg_author":{"display_name":"Admin-D","author_link":"https:\/\/www.croworld.org\/ady\/author\/admin-d\/"},"rttpg_comment":0,"rttpg_category":"<a href=\"https:\/\/www.croworld.org\/ady\/category\/news\/\" rel=\"category tag\">News<\/a>","rttpg_excerpt":"18 &#8211; 24 MAYIS 2015 ANAVATAN&#8217;DA 21 MAYIS ANMA ETK\u0130NL\u0130KLER\u0130 PROGRAMI Otob\u00fcs ile program: 18 May\u0131s Pazartesi : \u0130stanbul &#8211; Ankara &#8211; Antalya &#8211; Adana \u2013 Kayseri\u2019den otob\u00fcslerle hareket. 19 May\u0131s Sal\u0131 : Samsun\u2019da bulu\u015fma ve konvoy olu\u015fturma. 20 May\u0131s \u00c7ar\u015famba: Nal\u00e7ik var\u0131\u015f, Sanatoryumlara yerle\u015fme. 21 May\u0131s Per\u015fembe : 21 May\u0131s Anma Nal\u00e7ik etkinliklerine kat\u0131l\u0131m&hellip;","_links":{"self":[{"href":"https:\/\/www.croworld.org\/ady\/wp-json\/wp\/v2\/posts\/2366","targetHints":{"allow":["GET"]}}],"collection":[{"href":"https:\/\/www.croworld.org\/ady\/wp-json\/wp\/v2\/posts"}],"about":[{"href":"https:\/\/www.croworld.org\/ady\/wp-json\/wp\/v2\/types\/post"}],"author":[{"embeddable":true,"href":"https:\/\/www.croworld.org\/ady\/wp-json\/wp\/v2\/users\/3"}],"replies":[{"embeddable":true,"href":"https:\/\/www.croworld.org\/ady\/wp-json\/wp\/v2\/comments?post=2366"}],"version-history":[{"count":7,"href":"https:\/\/www.croworld.org\/ady\/wp-json\/wp\/v2\/posts\/2366\/revisions"}],"predecessor-version":[{"id":2377,"href":"https:\/\/www.croworld.org\/ady\/wp-json\/wp\/v2\/posts\/2366\/revisions\/2377"}],"wp:featuredmedia":[{"embeddable":true,"href":"https:\/\/www.croworld.org\/ady\/wp-json\/wp\/v2\/media\/2367"}],"wp:attachment":[{"href":"https:\/\/www.croworld.org\/ady\/wp-json\/wp\/v2\/media?parent=2366"}],"wp:term":[{"taxonomy":"category","embeddable":true,"href":"https:\/\/www.croworld.org\/ady\/wp-json\/wp\/v2\/categories?post=2366"},{"taxonomy":"post_tag","embeddable":true,"href":"https:\/\/www.croworld.org\/ady\/wp-json\/wp\/v2\/tags?post=2366"}],"curies":[{"name":"wp","href":"https:\/\/api.w.org\/{rel}","templated":true}]}}