{"id":1109,"date":"2014-06-30T09:58:34","date_gmt":"2014-06-30T09:58:34","guid":{"rendered":"http:\/\/circassianrepatriation.com\/?p=1109"},"modified":"2014-07-16T00:29:09","modified_gmt":"2014-07-16T00:29:09","slug":"gucumuzu-birlestirmemiz-gerekiyor","status":"publish","type":"post","link":"https:\/\/www.croworld.org\/ady\/gucumuzu-birlestirmemiz-gerekiyor\/","title":{"rendered":"G\u00fcc\u00fcm\u00fcz\u00fc Birle\u015ftirmemiz gerekiyor"},"content":{"rendered":"<p><a href=\"http:\/\/www.adygvoice.ru\/newsview.php?uid=13993\"><strong>G\u00fcc\u00fcm\u00fcz\u00fc Birle\u015ftirmemiz gerekiyor<\/strong><\/a><\/p>\n<p>&nbsp;<\/p>\n<p><strong>-Asker, Rusya Federasyonunda g\u00fcn\u00fc<\/strong>m<strong>\u00fczde y\u00fcr\u00fct\u00fclen devlet politikas\u0131n\u0131n bir ana y\u00f6n\u00fc yurtd\u0131\u015f\u0131nda ya\u015fayan soyda\u015flar\u0131m\u0131zla g\u00fc\u00e7l\u00fc ili\u015fkiler geli\u015ftirilmesi \u00fczerine. Ba\u015fkanl\u0131\u011f\u0131n\u0131 y\u00fcr\u00fctt\u00fc\u011f\u00fcn komite bu konuda ne gibi \u00e7al\u0131\u015fmalar yap\u0131yor?<\/strong><\/p>\n<p>&#8211; Ad\u0131ge Cumhuriyeti 2009 y\u0131l\u0131ndan itibaren yurtd\u0131\u015f\u0131nda\u00a0ya\u015fayan soyda\u015flar\u0131m\u0131zla ili\u015fkilerin geli\u015ftirilmesine y\u00f6nelik olan program\u0131 kullan\u0131yor. Program\u0131n ger\u00e7ekle\u015ftirilmesi i\u00e7in 2013 y\u0131l\u0131nda b\u00fct\u00e7eden 981 bin ruble ayr\u0131ld\u0131.<\/p>\n<p>Bu para sayesinde Uluslaras\u0131 \u0130nternet projesi &#8216;Book 2&#8217; ile \u00c7erkesce&#8217;yi internete yerle\u015ftirebildik. Tarihi topraklar\u0131na d\u00f6nen soyda\u015flar\u0131m\u0131z\u0131n vatanlar\u0131n\u0131 sevmeleri ve geri d\u00f6nenlerin bas\u0131nda yeterli derecede s\u00f6zkonusu edilmesi i\u00e7in &#8216; Atalar\u0131m\u0131z\u0131n topra\u011f\u0131. Ge\u00e7mi\u015f ve gelecek aras\u0131nda&#8217; isimli bir yar\u0131\u015fma d\u00fczenledik. \u00dc\u00e7 ba\u015fl\u0131kta ba\u015far\u0131l\u0131 olanlar tespit edildiler.<\/p>\n<p>Yurtd\u0131\u015f\u0131nda ya\u015fayan soyda\u015f\u0131m\u0131z gen\u00e7lerin buraya daha fazla gelmeleri, ya\u015fam\u0131m\u0131z\u0131, k\u00fclt\u00fcr\u00fcm\u00fcz\u00fc tan\u0131malar\u0131 konular\u0131na e\u011filiyoruz. 2013 y\u0131l\u0131nda T\u00fcrkiyeden gelen gen\u00e7lerden olu\u015fmu\u015f grup, 26 a\u011fustos &#8211; 8 eyl\u00fcl tarihleri aras\u0131nda cumhuriyetimizdeydi. Soyda\u015f\u0131m\u0131z gen\u00e7ler k\u00fclt\u00fcr, e\u011fitim, turizm vb. \u00e7e\u015fitli etkinliklere i\u015ftirak ettiler.<\/p>\n<p>&#8216;Resimlerle \u00c7erkesce&#8217; isimli bir s\u00f6zl\u00fck yay\u0131nlad\u0131k. Bu s\u00f6zl\u00fckte \u00c7erkescenin yan\u0131s\u0131ra, Rusca, \u0130ngilizce, T\u00fcrk\u00e7e kelimelerde yer al\u0131yor. Bu kitap yurtd\u0131\u015f\u0131nda ya\u015fayan \u00c7erkes gen\u00e7lerinin dilimizi \u00f6\u011frenmesine hizmet ediyor. Bunun yan\u0131s\u0131ra yurtd\u0131\u015f\u0131nda ya\u015fayan soyda\u015flar\u0131m\u0131z\u0131n yazd\u0131klar\u0131 \u015feyleri Zeko\u015fn\u0131\u011f dergisinde de yay\u0131nlamalar\u0131na yard\u0131mc\u0131 olduk. T\u00fcrkiye&#8217;de do\u011fmu\u015f olan yazar Hulusi \u00dcst\u00fcn&#8217;\u00fcn &#8216;Reyhanl\u0131-Reyhaniye&#8217; isimli hikayesinin \u00c7erkesce terc\u00fcmesi ile \u00dcrd\u00fcnl\u00fc bilim adam\u0131\u00a0\u00c7erkes Ansiklopedisi&#8217;nin yazar\u0131 Muhammed-hayr ile yap\u0131lan sohbet ad\u0131n\u0131 and\u0131\u011f\u0131m\u0131z derginin 2013 y\u0131l\u0131 d\u00f6rd\u00fcnc\u00fc say\u0131s\u0131nda yay\u0131nland\u0131.<\/p>\n<p>Ad\u0131ge Cumhuriyetinin topraklar\u0131 ve burada ya\u015fayanlar\u0131 daha iyi tan\u0131malar\u0131 i\u00e7in televizyon materyalleri haz\u0131rlanmas\u0131 ve bunlar\u0131n \u00c7erkeslerin ya\u015fad\u0131\u011f\u0131 \u00fclke bas\u0131nlar\u0131na, onlara\u00a0elektronik\u00a0ortamda temin edilmesi i\u00e7in radyo televizyon kurumu &#8216;Ad\u0131geya&#8217; taraf\u0131ndan vatan\u0131na d\u00f6nm\u00fc\u015f olan soyda\u015flar\u0131m\u0131z\u0131 konu alan &#8216; Hay\u0131rla buyurun&#8217; isimli program yap\u0131ld\u0131.<\/p>\n<p>Y\u00fcksek okullarda \u00f6\u011frenim g\u00f6ren yurtd\u0131\u015f\u0131ndan gelmi\u015f soyda\u015f \u00f6\u011frencilerin vatan\u0131, Ad\u0131geyde ya\u015fayan uluslar\u0131n gelenek g\u00f6reneklerini tan\u0131malar\u0131n\u0131 sa\u011flamak ama\u00e7l\u0131 olarak Ad\u0131ge Cumhuriyeti Milli M\u00fczesine g\u00f6t\u00fcr\u00fcld\u00fcler.<\/p>\n<p>Yurtd\u0131\u015f\u0131nda ya\u015fayan soyda\u015flar\u0131m\u0131zla olan ili\u015fkilerin peki\u015ftirilmesi i\u00e7in \u015f\u00f6ylesi \u00e7al\u0131\u015fmalarda yapt\u0131k; Yurtd\u0131\u015f\u0131ndan Gelmi\u015f Soyda\u015flar\u0131m\u0131z\u0131n Ya\u015fama Adaptesi Merkezi, &#8216;Vatana d\u00f6nenlerin adaptasyon evi&#8217;, &#8216;Vatana d\u00f6nenlere yard\u0131m vakf\u0131&#8217; gibi STK&#8217;larla\u00a0 8 Mart, 23 \u015eubat,\u00a0 Zafer Bayram\u0131, Cumhuriyet gazetesi Ad\u0131ge Mak&#8217;\u0131n 90. kurulu\u015f y\u0131ld\u00f6n\u00fcm\u00fc, Ad\u0131ge Xabzesine uygun kutlanan yeniy\u0131l etkinli\u011fi, Kafkas sava\u015f\u0131nda can\u0131n\u0131 yitirenleri anma g\u00fcn\u00fc, Vatana d\u00f6nenler G\u00fcn\u00fc, Cumhuriyet bayram\u0131 vb. g\u00fcnlerde vatana geri d\u00f6nm\u00fc\u015f olanlar\u0131n kat\u0131l\u0131m\u0131 sa\u011fland\u0131.<\/p>\n<p>Vatana geri d\u00f6nenlerin ya\u015fama adaptelerine ili\u015fkin konulara, Ad\u0131ge cumhuriyetine g\u00f6\u00e7 eden soyda\u015flar\u0131m\u0131z\u0131n kar\u015f\u0131s\u0131na \u00e7\u0131kan\u00a0sorunlar\u0131n \u00e7\u00f6z\u00fcm\u00fc konusunda komitemiz devaml\u0131 surette \u00e7al\u0131\u015f\u0131yor. Geri d\u00f6nenlerin kar\u015f\u0131la\u015ft\u0131klar\u0131 s\u0131k\u0131nt\u0131lar\u0131 \u00f6\u011frenmek i\u00e7in komiteye onlar davet ediliyorlar. 2013 y\u0131l\u0131nda komitemize farkl\u0131 konularda 240 soyda\u015f\u0131m\u0131z m\u00fcracaat etti. Ad\u0131ge Cumhuriyeti devlet kurumlar\u0131ndan &#8216;Geri d\u00f6nenlerin Adaptasyonu Merkezi&#8217;\u00a0 soyda\u015flar\u0131m\u0131z\u0131n hukuksal stat\u00fclerinin belirlenmesine y\u00f6nelik 340 kadar evrak haz\u0131rlad\u0131.<\/p>\n<p>Parlementomuzda Yurtd\u0131\u015f\u0131ndan gelecek olan yat\u0131r\u0131mc\u0131lar hakk\u0131nda, daha fazla yat\u0131r\u0131mc\u0131n\u0131n cumhuriyetimize \u00e7ekilmesini sa\u011flayacak aktlar kabul edildi.<\/p>\n<p>Ge\u00e7ti\u011fimiz y\u0131l komitemiz AC Ba\u015fbakan\u0131 Kump\u0131l Murat ile Kaffed ve T\u00fcrkiyede ya\u015fayan \u00e7erkes i\u015fadamlar\u0131n\u0131 biraraya getirdi. Bu toplant\u0131da Cumhuriyetimiz Ticari Projeleri&#8217;ne ili\u015fkin bilgiler onlara verildi.<\/p>\n<p>Yurtd\u0131\u015f\u0131nda ya\u015fayan dil \u00f6\u011frenmek isteyen soyda\u015flar\u0131m\u0131z i\u00e7in kitaplar basmay\u0131 planl\u0131yoruz. \u00dcrd\u00fcnde yay\u0131n yapmakta olan Nart-TV ile aram\u0131zdaki sanatsal i\u015fbirli\u011fini\u00a0geli\u015ftirmek istiyoruz. Cumhuriyetimiz edebiyat dergisi Zeko\u015fn\u0131\u011f&#8217;da yurt d\u0131\u015f\u0131nda ya\u015fayan soyda\u015flar\u0131m\u0131z\u0131n yazd\u0131klar\u0131 yaz\u0131lar\u0131 yay\u0131nlayaca\u011f\u0131z. Yurt d\u0131\u015f\u0131nda ya\u015fayan soyda\u015flar\u0131m\u0131z bu konularda y\u00fcr\u00fct\u00fclen devlet politikalar\u0131na ili\u015fkin sorular\u0131na yan\u0131tlar\u0131 Komitemizin sitesinde bulabilirler.<\/p>\n<p>&#8211;\u00a0<strong>Suriyede do\u011fup b\u00fcy\u00fcm\u00fc\u015f olan \u00c7erkeslerden bu\u00a0<\/strong>son<strong>\u00a0iki y\u0131l i\u00e7erisinde Ad\u0131gey&#8217;e geri d\u00f6nenleri hakk\u0131nda insanlar neler d\u00fc\u015f\u00fcn\u00fcyor?<\/strong><\/p>\n<p>&#8211; Alt\u0131n\u0131 \u00e7izmek istedi\u011fim \u015fey Suriyede do\u011fup yeti\u015fmi\u015f olup Ad\u0131gey&#8217;e geri d\u00f6nenlere &#8216;G\u00f6\u00e7men&#8217; g\u00f6z\u00fc ile\u00a0bak\u0131lmad\u0131\u011f\u0131d\u0131r. Komitemizin yapt\u0131rd\u0131\u011f\u0131 sosyal niteliklere sahip anket sonu\u00e7lar\u0131 da bunu kan\u0131tl\u0131yor. Suriyeden gelmi\u015f olan soyda\u015flar\u0131m\u0131z atalar\u0131n\u0131n dilini, gelenek-g\u00f6reneklerini, k\u00fclt\u00fcrlerini korumay\u0131 becerdiler. Aralar\u0131ndan baz\u0131lar\u0131 \u00c7era\u015fe Tembot, Me\u015fba\u015f&#8217;e \u0130shak&#8217;\u0131n eserlerini \u00e7erkesce olarak okuyorlar. Onlar Milli M\u00fcze, \u00c7erkes Tiyatrosu vb. ger\u00e7ekle\u015ftirilen etkinliklere, cumhuriyetimizde y\u00fcr\u00fct\u00fclen k\u00fclt\u00fcrel faaliyetlere i\u015ftirak ediyorlar. Onlarca y\u0131l s\u00fcren \u00fclkemiz ile Suriye aras\u0131ndaki iyi ili\u015fkileri de g\u00f6z \u00f6n\u00fcnde bulundurmak gerekir. Suriyedeki \u00c7erkesler\u00a0 milli gelenek-g\u00f6renekleri korumu\u015f olmalar\u0131n\u0131n yan\u0131s\u0131ra Rusyadaki k\u00fclt\u00fcr hakk\u0131nda da bilgisiz say\u0131lmazlar. Dini ele alacak olursak zaten her iki tarafta islam dini \u00fczerine. Bu y\u00fczden onlar ayr\u0131-farkl\u0131 denilecek durum ortada yok.<\/p>\n<p>Bunun yan\u0131s\u0131ra alt\u0131n\u0131 \u00e7izmek istedi\u011fim bir ba\u015fka hususta Suriyeli \u00e7erkesler yabanc\u0131 bir \u00fclkeye gelmediler, buras\u0131 onlar\u0131n atalar\u0131n\u0131n topraklar\u0131. Suriyeden gelmi\u015f olan soyda\u015flar\u0131m\u0131z\u0131n s\u00fclale isimlerini bas\u0131n arac\u0131l\u0131\u011f\u0131yla yay\u0131nlam\u0131\u015f olmam\u0131z da cumhuriyetimiz ya\u015fayanlar\u0131nca memnuniyetle kar\u015f\u0131land\u0131. Akrabalar birbirlerini bulmaya ba\u015flad\u0131lar. Ev-ara\u00e7 bulmalar\u0131nda m\u00fclk edinmelerinde \u00e7o\u011fu kez akrabalar\u0131 onlara yard\u0131mc\u0131 oluyor.<\/p>\n<p>&#8211;\u00a0<strong>G\u00fcn\u00fcm\u00fczde T\u00fcrkiye&#8217;de bulunan Suriyeli 170 \u00c7erkes&#8217;in Rusyaya g\u00f6\u00e7 etmek istediklerine dair haberler internet \u00fczerinde \u00e7e\u015fitli sitelerde yay\u0131nland\u0131. B\u00f6ylesi bir istekle size m\u00fcracaat eden oldu mu, bu konuya nas\u0131l bak\u0131yorsunuz?<\/strong><\/p>\n<p><strong>&#8211;\u00a0<\/strong>\u00d6ncelikli olarak Rusya Federasyonunun Suriyeli \u00c7erkeslerin buraya g\u00f6\u00e7 etmeleri i\u00e7in gerekli t\u00fcm hukuki olanaklara sahip oldu\u011funu belirtmek istiyorum. &#8216;Yurtd\u0131\u015f\u0131nda ya\u015fayan memleketta\u015flar\u0131m\u0131za dair Rusya Federasyonunun y\u00fcr\u00fctt\u00fc\u011f\u00fc devlet Politikas\u0131na ili\u015fkin&#8217;, &#8216;M\u00fcltecilere ili\u015fkin&#8217;, &#8216;Zorunlu g\u00f6\u00e7 etmek zorunda kalanlara dair&#8217;, &#8216;Yabanc\u0131 \u00fclke vatanda\u015flar\u0131 ve vatanda\u015fl\u0131\u011fa sahip olmayanlar\u0131n Rusya Federasyonu G\u00f6\u00e7men S\u0131ras\u0131na al\u0131nmas\u0131na ili\u015fkin&#8217; isimli\u00a0Federal\u00a0kanunlar, &#8216; Ge\u00e7ici s\u00fcreli\u011fine Rusya Federasyonuna s\u0131\u011f\u0131nmak isteyenlere dair&#8217; Rusya Federasyonu H\u00fck\u00fcmeti kararnamesinde bunlar belirlenmi\u015f oalrak yer al\u0131yor.<\/p>\n<p>\u0130kincil olarak belirtmek istedi\u011fim \u015fey ise Rusya federasyonunun y\u00fcr\u00fcrl\u00fckte olan kanunlar\u0131nca Rusya Federasyonuna g\u00f6\u00e7 etmeyi \u015fah\u0131slar\u0131n her birinin kendi arzusu ile ger\u00e7ekle\u015ftirmesi gerekti\u011fidir.<\/p>\n<p>Ger\u00e7ektende Suriyeden gelmi\u015f olan soyda\u015flar\u0131m\u0131z\u0131n \u00f6n\u00fcne\u00a0 \u015fimdi sorunlar \u00e7\u0131k\u0131yor. Fakat bu sorunlardan baz\u0131lar\u0131 \u00e7\u00f6z\u00fcmlenebilecek sorunlar. \u00d6rne\u011fin Yurt d\u0131\u015f\u0131ndan gelmi\u015f olana Rusya federasyonunda ya\u015fama izni evra\u011f\u0131 \u00e7e\u015fitli sebeplerden dolay\u0131 verilememi\u015f oldu, ama Suriyede sava\u015f s\u00fcrd\u00fc\u011f\u00fc m\u00fcddet\u00e7e Rusya&#8217;dan ayr\u0131lam\u0131yorlar da. \u0130\u015fe b\u00f6yleleri belirli s\u00fcre i\u00e7in Rusya federasyonuna s\u0131\u011f\u0131nabilme olana\u011f\u0131na sahipler.<\/p>\n<p>Rusya federasyonun g\u00f6\u00e7 i\u015fleri ile alakal\u0131 y\u00fcr\u00fcrl\u00fckte olan hukuki uygulamalar\u0131na dair evraklar\u0131 bilgilendirici materyalleri \u00c7erkeslerin ya\u015fad\u0131klar\u0131 \u00fclkelerin dillerine \u00e7evirttirdik ve soyda\u015flar\u0131m\u0131za ait Sivil Toplum Kurulu\u015flar\u0131na ilettik.<\/p>\n<p>\u0130ki y\u0131l i\u00e7erisinde Suriyeden Rusya \u00fclkesine Ad\u0131geye 600 ki\u015fi g\u00f6\u00e7 etti. Onlar\u0131n aras\u0131nda Suriyedeyken bize yazarak onlar\u0131 getirmemizi isteyenler de vard\u0131.\u00a0 Onlar kanunlara uygun olarak hareket ettiler. Bu konularda Cumhuriyetimiz ve cumhuriyetimizde bulunan federal kurumlar\u0131n (Rusya G\u00f6\u00e7men i\u015fleri Federal Kurumu Ad\u0131gey \u015eubesi)nin b\u00fcy\u00fck faydas\u0131 geldi.<\/p>\n<p>&#8211;\u00a0<strong>Asker Suriyeden gelmi\u015f soyda\u015flar\u0131m\u0131zn belirli bir yerde ya\u015famalar\u0131n\u0131n sa\u011flanmas\u0131 konusunda neler yap\u0131l\u0131yor?<\/strong><\/p>\n<p>&#8211; Suriyeden gelen \u00c7erkeslerin\u00a0 belirli bir yerde ya\u015famalar\u0131n\u0131n sa\u011flanmas\u0131, onlara i\u015f bulunmas\u0131, ya\u015fayacaklar\u0131 konutlar\u0131n temin edilmesi gibi konularla\u00a0 ilgilenen\u00a0 Ad\u0131ge Cumhuriyeti Ba\u015f\u0131 Thaku\u015f\u0131ne Aslan&#8217;\u0131n talimat\u0131 ile kurulmu\u015f olan bir komisyon var. G\u00fcn\u00fcm\u00fcz itibariyle pek \u00e7ok sorun \u00e7\u00f6z\u00fclm\u00fc\u015f oldu. 2013 y\u0131l\u0131nda komisyonun ald\u0131\u011f\u0131 kararlar \u00e7er\u00e7evesinde\u00a0 Ad\u0131ge Cumhuriyeti Tar\u0131m bakanl\u0131\u011f\u0131nca \u00e7if\u00e7ilere destek olunarak hizmet sekt\u00f6r\u00fcn\u00fcn geli\u015ftirilmesine ili\u015fkin bir seminer Tehutem\u0131kuaye Rayonuna ba\u011fl\u0131 Penehes k\u00f6y\u00fcnde verildi. Geri d\u00f6nm\u00fc\u015f olan iki aile kendi arzular\u0131 ile k\u00f6ye yerle\u015ftiler. S\u00f6z konusu bakanl\u0131k bu konuda onlara maddi yard\u0131mda bulundu. Suriyeden gelmi\u015f olan soyda\u015flar\u0131m\u0131z bu g\u00fcn cumhuriyetimizin b\u00fct\u00fcn yerel idarelerine yerle\u015fmi\u015f olarak ya\u015f\u0131yorlar. Penehes&#8217;te ya\u015fayanlara halk\u0131n verdi\u011fi destekle evler yap\u0131l\u0131yor. Bunun yan\u0131s\u0131ra Suriyeden gelmi\u015f olan ailelerden baz\u0131lar\u0131 Mefehable&#8217;de evler yapmak istiyorlar.<\/p>\n<p>Aram\u0131za kat\u0131lmak \u00fczere gelmi\u015f soyda\u015flar\u0131m\u0131z bizlere y\u00fck olmak istemiyorlar. M\u00fchendis,teknisyen, ziraat\u00e7i, dizayener, programc\u0131, in\u015faat\u00e7\u0131 vb. i\u015flerde \u00e7al\u0131\u015f\u0131yorlar, i\u015f\u00e7ilik tezgahtarl\u0131k yap\u0131yorlar. Son olarak a\u00e7\u0131k a\u00e7\u0131k belirtmek istedi\u011fim \u015fey;\u00a0 Devlet idarecileri, i\u015fci kollektifleri, sivil toplum kurulu\u015flar\u0131 ve cumhuriyet ya\u015fayanlar\u0131 g\u00fc\u00e7lerini biraraya getirmemi\u015f olsalard\u0131 aram\u0131za geri d\u00f6nm\u00fc\u015f olan soyda\u015flar\u0131m\u0131za destek olamazd\u0131k.<\/p>\n<p><strong><em>\u00c7eviri; A\u00c7UMIJ Hilmi\u00a0 \u00a0\u00a0<\/em><\/strong><\/p>\n<p>&nbsp;<\/p>\n<p>http:\/\/www.adygvoice.ru\/newsview.php?uid=13993<\/p>\n","protected":false},"excerpt":{"rendered":"<p>G\u00fcc\u00fcm\u00fcz\u00fc Birle\u015ftirmemiz gerekiyor &nbsp; -Asker, Rusya Federasyonunda g\u00fcn\u00fcm\u00fczde y\u00fcr\u00fct\u00fclen devlet politikas\u0131n\u0131n bir ana y\u00f6n\u00fc yurtd\u0131\u015f\u0131nda ya\u015fayan soyda\u015flar\u0131m\u0131zla g\u00fc\u00e7l\u00fc ili\u015fkiler geli\u015ftirilmesi \u00fczerine. Ba\u015fkanl\u0131\u011f\u0131n\u0131 y\u00fcr\u00fctt\u00fc\u011f\u00fcn komite bu konuda ne gibi \u00e7al\u0131\u015fmalar yap\u0131yor? &#8211; Ad\u0131ge Cumhuriyeti 2009 y\u0131l\u0131ndan itibaren yurtd\u0131\u015f\u0131nda\u00a0ya\u015fayan soyda\u015flar\u0131m\u0131zla ili\u015fkilerin geli\u015ftirilmesine y\u00f6nelik olan program\u0131 kullan\u0131yor. Program\u0131n ger\u00e7ekle\u015ftirilmesi i\u00e7in 2013 y\u0131l\u0131nda b\u00fct\u00e7eden 981 bin ruble ayr\u0131ld\u0131. Bu [&hellip;]<\/p>\n","protected":false},"author":3,"featured_media":0,"comment_status":"closed","ping_status":"open","sticky":false,"template":"","format":"standard","meta":{"pmpro_default_level":"","footnotes":""},"categories":[5],"tags":[],"class_list":["post-1109","post","type-post","status-publish","format-standard","hentry","category-news","pmpro-has-access"],"rttpg_featured_image_url":null,"rttpg_author":{"display_name":"Admin-D","author_link":"https:\/\/www.croworld.org\/ady\/author\/admin-d\/"},"rttpg_comment":0,"rttpg_category":"<a href=\"https:\/\/www.croworld.org\/ady\/category\/news\/\" rel=\"category tag\">News<\/a>","rttpg_excerpt":"G\u00fcc\u00fcm\u00fcz\u00fc Birle\u015ftirmemiz gerekiyor &nbsp; -Asker, Rusya Federasyonunda g\u00fcn\u00fcm\u00fczde y\u00fcr\u00fct\u00fclen devlet politikas\u0131n\u0131n bir ana y\u00f6n\u00fc yurtd\u0131\u015f\u0131nda ya\u015fayan soyda\u015flar\u0131m\u0131zla g\u00fc\u00e7l\u00fc ili\u015fkiler geli\u015ftirilmesi \u00fczerine. Ba\u015fkanl\u0131\u011f\u0131n\u0131 y\u00fcr\u00fctt\u00fc\u011f\u00fcn komite bu konuda ne gibi \u00e7al\u0131\u015fmalar yap\u0131yor? &#8211; Ad\u0131ge Cumhuriyeti 2009 y\u0131l\u0131ndan itibaren yurtd\u0131\u015f\u0131nda\u00a0ya\u015fayan soyda\u015flar\u0131m\u0131zla ili\u015fkilerin geli\u015ftirilmesine y\u00f6nelik olan program\u0131 kullan\u0131yor. Program\u0131n ger\u00e7ekle\u015ftirilmesi i\u00e7in 2013 y\u0131l\u0131nda b\u00fct\u00e7eden 981 bin ruble ayr\u0131ld\u0131. Bu&hellip;","_links":{"self":[{"href":"https:\/\/www.croworld.org\/ady\/wp-json\/wp\/v2\/posts\/1109","targetHints":{"allow":["GET"]}}],"collection":[{"href":"https:\/\/www.croworld.org\/ady\/wp-json\/wp\/v2\/posts"}],"about":[{"href":"https:\/\/www.croworld.org\/ady\/wp-json\/wp\/v2\/types\/post"}],"author":[{"embeddable":true,"href":"https:\/\/www.croworld.org\/ady\/wp-json\/wp\/v2\/users\/3"}],"replies":[{"embeddable":true,"href":"https:\/\/www.croworld.org\/ady\/wp-json\/wp\/v2\/comments?post=1109"}],"version-history":[{"count":1,"href":"https:\/\/www.croworld.org\/ady\/wp-json\/wp\/v2\/posts\/1109\/revisions"}],"predecessor-version":[{"id":1110,"href":"https:\/\/www.croworld.org\/ady\/wp-json\/wp\/v2\/posts\/1109\/revisions\/1110"}],"wp:attachment":[{"href":"https:\/\/www.croworld.org\/ady\/wp-json\/wp\/v2\/media?parent=1109"}],"wp:term":[{"taxonomy":"category","embeddable":true,"href":"https:\/\/www.croworld.org\/ady\/wp-json\/wp\/v2\/categories?post=1109"},{"taxonomy":"post_tag","embeddable":true,"href":"https:\/\/www.croworld.org\/ady\/wp-json\/wp\/v2\/tags?post=1109"}],"curies":[{"name":"wp","href":"https:\/\/api.w.org\/{rel}","templated":true}]}}